{"id":624,"date":"2017-04-10T06:05:56","date_gmt":"2017-04-10T06:05:56","guid":{"rendered":"http:\/\/victoria-ig.de\/?p=624"},"modified":"2017-08-10T06:06:38","modified_gmt":"2017-08-10T06:06:38","slug":"38-bis-99-es-leben-die-kleinen","status":"publish","type":"post","link":"https:\/\/victoria-ig.de\/?p=624","title":{"rendered":"38 bis 99 &#8211; es leben die Kleinen!"},"content":{"rendered":"<div class=\"art-postcontent\">\n<div class=\"art-article\">\n<h4>Treffen der Kleinen: 38 bis 99 cm\u00b3<\/h4>\n<p align=\"center\">3. Treffen der Victorianer mit der Liebe zu den kleinen Hubr\u00e4umen<\/p>\n<p align=\"center\">Peter Kohnen und sein Sohn Holger, beide &#8220;infezierte&#8221; Victorianer, laden Euch zum dritten Treffen der &#8220;kleinen Hubr\u00e4ume&#8221; ein (was eventuelle Biergl\u00e4ser nicht betreffen d\u00fcrfte \ud83d\ude09 ).<\/p>\n<p><img loading=\"lazy\" decoding=\"async\" src=\"http:\/\/victoria-bike-ig.com\/images\/stories\/content\/victoria-75-baujahr-1931.jpg\" alt=\"victoria-75-baujahr-1931\" width=\"480\" height=\"360\" \/><\/p>\n<p>Victoria 75, Baujahr 1931<\/p>\n<p>Das Treffen findet auf dem Gel\u00e4nde des Restaurant-Hotels &#8220;Hof Barrl&#8221; statt. Die Anreise ist m\u00f6glich ab Freitag, 26. Mai 2017. Zimmer sind im Hof Barrl buchbar. Stellpl\u00e4tze f\u00fcr Wohnmobile sind vorhanden.<\/p>\n<p>In Zusammenhang mit dem Himmelfahrtsfeiertag regt das Treffen vielleicht ja auch den einen oder anderen zu einem verl\u00e4ngerten Wochenendurlaub an.<\/p>\n<h4>Anfahrt<\/h4>\n<p>Autobahn A7, Ausfahrt 43a, Schneverdingen. Weiter auf der\u00a0 Bundesstra\u00dfe 3 in Richtung Hamburg. Nach ca. 15 km liegt Hof Barrl direkt links an der B3. Anschrift: Barrl Nr. 1, 29640 Schneverdingen, Tel. 05198\/351, Web: <a href=\"http:\/\/www.hofbarrl.de\">www.hofbarrl.de<\/a>.<\/p>\n<h4>Programm<\/h4>\n<p>F\u00fcr die Freitag Angereisten: abends gem\u00fctliches Beisammensein im Gasthof.<\/p>\n<p>Samstag 27. 5. 2017: 10:00 Uhr Start zu einer ca. 60 km langen Ausfahrt durch die L\u00fcneburger Heide. Nach jeweils 15 km machen wir eine Pause. Auf halber Strecke ist eine kleine Firmenbesichtigung vorgesehen. Anschlie\u00dfend g\u00f6nnen wir uns im Feuerwehrger\u00e4tehaus der Ortswehr Heber eine Mittagspause mit W\u00fcrstchen und Kartoffelsalat. Danach R\u00fcckfahrt zum Hof Barrl mit Essen \u00e0 la Carte und anschlie\u00dfenden Benzingespr\u00e4chen.<\/p>\n<p>Um Anmeldung wird gebeten: Peter Kohnen, Tel. 05199 &#8211; 334, E-Mail: <a href=\"mailto:peter.kohnen@online.de\">peter.kohnen@online.de<\/a><\/p>\n<p>Lasst es knattern!<\/p>\n<\/div>\n<\/div>\n","protected":false},"excerpt":{"rendered":"<p>Treffen der Kleinen: 38 bis 99 cm\u00b3 3. Treffen der Victorianer mit der Liebe zu den kleinen Hubr\u00e4umen Peter Kohnen und sein Sohn Holger, beide &#8220;infezierte&#8221; Victorianer, laden Euch zum dritten Treffen der &#8220;kleinen Hubr\u00e4ume&#8221; ein (was eventuelle Biergl\u00e4ser nicht betreffen d\u00fcrfte \ud83d\ude09 ). Victoria 75, Baujahr 1931 Das Treffen findet auf dem Gel\u00e4nde des &hellip; <a href=\"https:\/\/victoria-ig.de\/?p=624\" class=\"more-link\"><span class=\"screen-reader-text\">38 bis 99 &#8211; es leben die Kleinen!<\/span> weiterlesen<\/a><\/p>\n","protected":false},"author":1,"featured_media":0,"comment_status":"open","ping_status":"open","sticky":false,"template":"","format":"standard","meta":{"footnotes":""},"categories":[1],"tags":[],"class_list":["post-624","post","type-post","status-publish","format-standard","hentry","category-uncategorized"],"_links":{"self":[{"href":"https:\/\/victoria-ig.de\/index.php?rest_route=\/wp\/v2\/posts\/624","targetHints":{"allow":["GET"]}}],"collection":[{"href":"https:\/\/victoria-ig.de\/index.php?rest_route=\/wp\/v2\/posts"}],"about":[{"href":"https:\/\/victoria-ig.de\/index.php?rest_route=\/wp\/v2\/types\/post"}],"author":[{"embeddable":true,"href":"https:\/\/victoria-ig.de\/index.php?rest_route=\/wp\/v2\/users\/1"}],"replies":[{"embeddable":true,"href":"https:\/\/victoria-ig.de\/index.php?rest_route=%2Fwp%2Fv2%2Fcomments&post=624"}],"version-history":[{"count":0,"href":"https:\/\/victoria-ig.de\/index.php?rest_route=\/wp\/v2\/posts\/624\/revisions"}],"wp:attachment":[{"href":"https:\/\/victoria-ig.de\/index.php?rest_route=%2Fwp%2Fv2%2Fmedia&parent=624"}],"wp:term":[{"taxonomy":"category","embeddable":true,"href":"https:\/\/victoria-ig.de\/index.php?rest_route=%2Fwp%2Fv2%2Fcategories&post=624"},{"taxonomy":"post_tag","embeddable":true,"href":"https:\/\/victoria-ig.de\/index.php?rest_route=%2Fwp%2Fv2%2Ftags&post=624"}],"curies":[{"name":"wp","href":"https:\/\/api.w.org\/{rel}","templated":true}]}}