{"id":6081,"date":"2019-06-16T05:00:02","date_gmt":"2019-06-16T05:00:02","guid":{"rendered":"http:\/\/victoria-ig.de\/?p=6081"},"modified":"2019-06-11T06:10:39","modified_gmt":"2019-06-11T06:10:39","slug":"victoria-bavaria-die-mayers-unterwegs","status":"publish","type":"post","link":"https:\/\/victoria-ig.de\/?p=6081","title":{"rendered":"Victoria-Bavaria \u2013 Die Mayer\u00b4s Unterwegs"},"content":{"rendered":"<p>Von der Familie Mayer<\/p>\n<p>Am 01. Mai diesen Jahres entschieden wir uns einen Vatertagsausflug, wie schon die Jahre zuvor, zu unternehmen. Es wurde flei\u00dfig geplant mit was wir unterwegs sein werden. Da die Auswahl ziemlich umfangreich ist, war die Entscheidung sehr schwer zu treffen. Kurzer Hand viel die Wahl auf die KR 26 von Julia, die KR 25 von Jennifer, ich mit meiner Pionier, aber was ist mit Tobias ?! Da kam mir der Gedanke, dass er schon immer einmal Gespann fahren wollte, dann kam nur die KR 26 mit dem LS 200 Seitenwagen in Frage. Aber es fehlt ein Kennzeichen \u2026 also musste ich noch zum T\u00dcV und\u00a0 zur Zulassungsstelle eine Woche vorher. Alles gut gegangen!<\/p>\n<p><a href=\"https:\/\/victoria-ig.de\/wp-content\/uploads\/2019\/06\/Mayers-Unterwegs-2019-06-09-at-20.21.47.jpeg\"><img loading=\"lazy\" decoding=\"async\" class=\"aligncenter size-medium wp-image-6089\" src=\"https:\/\/victoria-ig.de\/wp-content\/uploads\/2019\/06\/Mayers-Unterwegs-2019-06-09-at-20.21.47-225x300.jpeg\" alt=\"\" width=\"225\" height=\"300\" srcset=\"https:\/\/victoria-ig.de\/wp-content\/uploads\/2019\/06\/Mayers-Unterwegs-2019-06-09-at-20.21.47-225x300.jpeg 225w, https:\/\/victoria-ig.de\/wp-content\/uploads\/2019\/06\/Mayers-Unterwegs-2019-06-09-at-20.21.47-768x1024.jpeg 768w, https:\/\/victoria-ig.de\/wp-content\/uploads\/2019\/06\/Mayers-Unterwegs-2019-06-09-at-20.21.47.jpeg 1200w\" sizes=\"auto, (max-width: 225px) 100vw, 225px\" \/><\/a><\/p>\n<p>Opa fuhr mit der BMW R 50, da er schon Uropa ist und diese angenehmer zu fahren war. Stefan durfte nat\u00fcrlich auch nicht fehlen mit seiner KR 26 die durch einen neuen Kolben\u00a0 noch Kilometer zum einfahren brauchte.<\/p>\n<p>Jetzt geht es LOS. Am Vatertag, den 30.05.2019 starteten wir nach anf\u00e4nglichen Strapazen zusammen um 8:30 Uhr Richtung Sch\u00f6nau am K\u00f6nigssee im Berchtesgadener Land. Die ersten Meter waren ein wenig holprig, aber dann lief es. Gl\u00f6tt \u2013 Altenm\u00fcnster \u2013 Zusmarshausen \u2013 A8 Richtung M\u00fcnchen, dann die A99 bis Vatterstetten. Hier brauchten wir dann eine Pause. <a href=\"https:\/\/victoria-ig.de\/wp-content\/uploads\/2019\/06\/Mayers-Unterwegs-2019-06-09-at-20.21.49.jpeg\"><img loading=\"lazy\" decoding=\"async\" class=\"aligncenter size-medium wp-image-6094\" src=\"https:\/\/victoria-ig.de\/wp-content\/uploads\/2019\/06\/Mayers-Unterwegs-2019-06-09-at-20.21.49-300x169.jpeg\" alt=\"\" width=\"300\" height=\"169\" srcset=\"https:\/\/victoria-ig.de\/wp-content\/uploads\/2019\/06\/Mayers-Unterwegs-2019-06-09-at-20.21.49-300x169.jpeg 300w, https:\/\/victoria-ig.de\/wp-content\/uploads\/2019\/06\/Mayers-Unterwegs-2019-06-09-at-20.21.49-768x432.jpeg 768w, https:\/\/victoria-ig.de\/wp-content\/uploads\/2019\/06\/Mayers-Unterwegs-2019-06-09-at-20.21.49-1024x576.jpeg 1024w, https:\/\/victoria-ig.de\/wp-content\/uploads\/2019\/06\/Mayers-Unterwegs-2019-06-09-at-20.21.49.jpeg 1600w\" sizes=\"auto, (max-width: 300px) 100vw, 300px\" \/><\/a>Hier kam ein gro\u00dfes \u00dcbel\u2026 der Tank bei Julia war undicht und tropfte auf den Motor. Was soll man tun? Ach, Abputzen und den Lumpen an der undichten Stelle einklemmen, geht schon wieder. Ein \u00dcbel kommt selten allein.\u00a0 Aufgrund dessen, dass Tobias seine Batterie unterwegs zusammen gefallen ist, musste man diese Maschine jetzt anschieben. Nun geht es weiter auf die B304 Richtung Ebersberg \u2013 Wasserburg am Inn \u2013 Altenmarkt \u2013 Traunstein. Beim Tankstopp war es schon um die Mittagszeit also wird es Zeit etwas zu futtern zu suchen. <a href=\"https:\/\/victoria-ig.de\/wp-content\/uploads\/2019\/06\/Mayers-Unterwegs-2019-06-09-at-20.23.34.jpeg\"><img loading=\"lazy\" decoding=\"async\" class=\"aligncenter size-medium wp-image-6095\" src=\"https:\/\/victoria-ig.de\/wp-content\/uploads\/2019\/06\/Mayers-Unterwegs-2019-06-09-at-20.23.34-300x169.jpeg\" alt=\"\" width=\"300\" height=\"169\" srcset=\"https:\/\/victoria-ig.de\/wp-content\/uploads\/2019\/06\/Mayers-Unterwegs-2019-06-09-at-20.23.34-300x169.jpeg 300w, https:\/\/victoria-ig.de\/wp-content\/uploads\/2019\/06\/Mayers-Unterwegs-2019-06-09-at-20.23.34-768x432.jpeg 768w, https:\/\/victoria-ig.de\/wp-content\/uploads\/2019\/06\/Mayers-Unterwegs-2019-06-09-at-20.23.34-1024x576.jpeg 1024w, https:\/\/victoria-ig.de\/wp-content\/uploads\/2019\/06\/Mayers-Unterwegs-2019-06-09-at-20.23.34.jpeg 1600w\" sizes=\"auto, (max-width: 300px) 100vw, 300px\" \/><\/a>Stefan hat ein Talent immer eine Gute Wirtschaft zu finden. <a href=\"https:\/\/victoria-ig.de\/wp-content\/uploads\/2019\/06\/Mayers-Unterwegs-2019-06-09-at-20.23.36.jpeg\"><img loading=\"lazy\" decoding=\"async\" class=\"aligncenter size-medium wp-image-6096\" src=\"https:\/\/victoria-ig.de\/wp-content\/uploads\/2019\/06\/Mayers-Unterwegs-2019-06-09-at-20.23.36-300x169.jpeg\" alt=\"\" width=\"300\" height=\"169\" srcset=\"https:\/\/victoria-ig.de\/wp-content\/uploads\/2019\/06\/Mayers-Unterwegs-2019-06-09-at-20.23.36-300x169.jpeg 300w, https:\/\/victoria-ig.de\/wp-content\/uploads\/2019\/06\/Mayers-Unterwegs-2019-06-09-at-20.23.36-768x432.jpeg 768w, https:\/\/victoria-ig.de\/wp-content\/uploads\/2019\/06\/Mayers-Unterwegs-2019-06-09-at-20.23.36-1024x576.jpeg 1024w, https:\/\/victoria-ig.de\/wp-content\/uploads\/2019\/06\/Mayers-Unterwegs-2019-06-09-at-20.23.36.jpeg 1600w\" sizes=\"auto, (max-width: 300px) 100vw, 300px\" \/><\/a> Also Stefan voraus und auch schon nach wenigen Kilometern fand er was. Mittagspause! Danach wieder anschieben und weiter geht es. \u00dcber Berg und Tal an Inzell vorbei \u00fcber Schneizelreuth dann wieder runter nach Ramsau und jetzt wieder hoch nach Sch\u00f6nau. Geschafft! Den Campingplatz M\u00fchlleiten d\u00fcrfen wir nach ca. 260km f\u00fcr die n\u00e4chsten 3 Tage unser Zuhause nennen. Langsam wird es Zeit f\u00fcr einen Kaffee und Kuchen. Abends den Grill anfeuern und ein Ma\u00df Bier zum Ausklang vom Vatertag.<\/p>\n<p>&nbsp;<\/p>\n<div class='polaroid-gallery galleryid-6081' style='width:340px;'>\n\t\t\t<a href=\"https:\/\/victoria-ig.de\/wp-content\/uploads\/2019\/06\/Mayers-Unterwegs-2019-06-09-at-20.31.05-1024x576.jpeg\" title=\"Mayers Unterwegs 2019-06-09 at 20.31.05\" rel=\"polaroid_703213486\" class=\"polaroid-gallery-item showcaption\"><span class=\"polaroid-gallery-image\" title=\"\" style=\"background-image: url(https:\/\/victoria-ig.de\/wp-content\/uploads\/2019\/06\/Mayers-Unterwegs-2019-06-09-at-20.31.05-150x150.jpeg); width: 150px; height: 150px;\"><\/span><\/a>\n\t\t\t<a href=\"https:\/\/victoria-ig.de\/wp-content\/uploads\/2019\/06\/Mayers-Unterwegs-2019-06-09-at-20.25.51-1-576x1024.jpeg\" title=\"Mayers-Unterwegs 2019-06-09 at 20.25.51 (1)\" rel=\"polaroid_703213486\" class=\"polaroid-gallery-item showcaption\"><span class=\"polaroid-gallery-image\" title=\"\" style=\"background-image: url(https:\/\/victoria-ig.de\/wp-content\/uploads\/2019\/06\/Mayers-Unterwegs-2019-06-09-at-20.25.51-1-150x150.jpeg); width: 150px; height: 150px;\"><\/span><\/a>\n\t\t\t<br style=\"clear: both;\" \/>\n\t\t\t<a href=\"https:\/\/victoria-ig.de\/wp-content\/uploads\/2019\/06\/Mayers-Unterwegs-2019-06-09-at-20.25.51-2-768x1024.jpeg\" title=\"Mayers-Unterwegs 2019-06-09 at 20.25.51\" rel=\"polaroid_703213486\" class=\"polaroid-gallery-item showcaption\"><span class=\"polaroid-gallery-image\" title=\"\" style=\"background-image: url(https:\/\/victoria-ig.de\/wp-content\/uploads\/2019\/06\/Mayers-Unterwegs-2019-06-09-at-20.25.51-2-150x150.jpeg); width: 150px; height: 150px;\"><\/span><\/a>\n\t\t\t<a href=\"https:\/\/victoria-ig.de\/wp-content\/uploads\/2019\/06\/Mayers-Unterwegs-2019-06-09-at-20.25.42-768x1024.jpeg\" title=\"Mayers Unterwegs 2019-06-09 at 20.25.42\" rel=\"polaroid_703213486\" class=\"polaroid-gallery-item showcaption\"><span class=\"polaroid-gallery-image\" title=\"\" style=\"background-image: url(https:\/\/victoria-ig.de\/wp-content\/uploads\/2019\/06\/Mayers-Unterwegs-2019-06-09-at-20.25.42-150x150.jpeg); width: 150px; height: 150px;\"><\/span><\/a>\n\t\t\t<br style=\"clear: both;\" \/>\n\t\t\t<a href=\"https:\/\/victoria-ig.de\/wp-content\/uploads\/2019\/06\/Mayers-Unterwegs-2019-06-09-at-20.25.50-1024x576.jpeg\" title=\"Mayers Unterwegs 2019-06-09 at 20.25.50\" rel=\"polaroid_703213486\" class=\"polaroid-gallery-item showcaption\"><span class=\"polaroid-gallery-image\" title=\"\" style=\"background-image: url(https:\/\/victoria-ig.de\/wp-content\/uploads\/2019\/06\/Mayers-Unterwegs-2019-06-09-at-20.25.50-150x150.jpeg); width: 150px; height: 150px;\"><\/span><\/a>\n\t\t\t<a href=\"https:\/\/victoria-ig.de\/wp-content\/uploads\/2019\/06\/Mayers-Unterwegs-2019-06-09-at-20.25.51-1024x576.jpeg\" title=\"Mayers Unterwegs 2019-06-09 at 20.25.51\" rel=\"polaroid_703213486\" class=\"polaroid-gallery-item showcaption\"><span class=\"polaroid-gallery-image\" title=\"\" style=\"background-image: url(https:\/\/victoria-ig.de\/wp-content\/uploads\/2019\/06\/Mayers-Unterwegs-2019-06-09-at-20.25.51-150x150.jpeg); width: 150px; height: 150px;\"><\/span><\/a>\n\t\t\t<br style=\"clear: both;\" \/>\n\t\t\t<a href=\"https:\/\/victoria-ig.de\/wp-content\/uploads\/2019\/06\/Mayers-Unterwegs-2019-06-09-at-20.26.37-1024x576.jpeg\" title=\"Mayers Unterwegs 2019-06-09 at 20.26.37\" rel=\"polaroid_703213486\" class=\"polaroid-gallery-item showcaption\"><span class=\"polaroid-gallery-image\" title=\"\" style=\"background-image: url(https:\/\/victoria-ig.de\/wp-content\/uploads\/2019\/06\/Mayers-Unterwegs-2019-06-09-at-20.26.37-150x150.jpeg); width: 150px; height: 150px;\"><\/span><\/a>\n\t\t\t<a href=\"https:\/\/victoria-ig.de\/wp-content\/uploads\/2019\/06\/Mayers-Unterwegs-2019-06-09-at-20.26.38-1024x576.jpeg\" title=\"Mayers Unterwegs 2019-06-09 at 20.26.38\" rel=\"polaroid_703213486\" class=\"polaroid-gallery-item showcaption\"><span class=\"polaroid-gallery-image\" title=\"\" style=\"background-image: url(https:\/\/victoria-ig.de\/wp-content\/uploads\/2019\/06\/Mayers-Unterwegs-2019-06-09-at-20.26.38-150x150.jpeg); width: 150px; height: 150px;\"><\/span><\/a>\n\t\t\t<br style=\"clear: both;\" \/><\/div>\n\n<p>Der n\u00e4chste Tag begann bei mir mit einem kurzen Krankenhausaufenthalt, aufgrund starker Schmerzen, die \u00fcber Nacht schlimmer wurden. Den Rest des Tages musste ich etwas ruhiger angehen lassen. Meine Kinder sind mit Stefan zum einkaufen gefahren und Uropa Ludwig hat mit Tobias eine Runde auf den Obersalzberg unternommen.<\/p>\n<p><a href=\"https:\/\/victoria-ig.de\/wp-content\/uploads\/2019\/06\/Mayers-Unterwegs-2019-06-09-at-20.27.02.jpeg\"><img loading=\"lazy\" decoding=\"async\" class=\"aligncenter size-medium wp-image-6102\" src=\"https:\/\/victoria-ig.de\/wp-content\/uploads\/2019\/06\/Mayers-Unterwegs-2019-06-09-at-20.27.02-225x300.jpeg\" alt=\"\" width=\"225\" height=\"300\" srcset=\"https:\/\/victoria-ig.de\/wp-content\/uploads\/2019\/06\/Mayers-Unterwegs-2019-06-09-at-20.27.02-225x300.jpeg 225w, https:\/\/victoria-ig.de\/wp-content\/uploads\/2019\/06\/Mayers-Unterwegs-2019-06-09-at-20.27.02-768x1024.jpeg 768w, https:\/\/victoria-ig.de\/wp-content\/uploads\/2019\/06\/Mayers-Unterwegs-2019-06-09-at-20.27.02.jpeg 1200w\" sizes=\"auto, (max-width: 225px) 100vw, 225px\" \/><\/a>Am Samstag nach dem Fr\u00fchst\u00fcck fuhren wir an der schlafenden Hexe (wundersch\u00f6ner gro\u00dfer Berg) vorbei zu Andrea, Roman und Rupert nach Hinterreit. Wir wurden sehr herzlich empfangen. <a href=\"https:\/\/victoria-ig.de\/wp-content\/uploads\/2019\/06\/Mayers-Unterwegs-2019-06-09-at-20.31.33-1.jpeg\"><img loading=\"lazy\" decoding=\"async\" class=\"aligncenter size-medium wp-image-6130\" src=\"https:\/\/victoria-ig.de\/wp-content\/uploads\/2019\/06\/Mayers-Unterwegs-2019-06-09-at-20.31.33-1-300x225.jpeg\" alt=\"\" width=\"300\" height=\"225\" srcset=\"https:\/\/victoria-ig.de\/wp-content\/uploads\/2019\/06\/Mayers-Unterwegs-2019-06-09-at-20.31.33-1-300x225.jpeg 300w, https:\/\/victoria-ig.de\/wp-content\/uploads\/2019\/06\/Mayers-Unterwegs-2019-06-09-at-20.31.33-1-768x576.jpeg 768w, https:\/\/victoria-ig.de\/wp-content\/uploads\/2019\/06\/Mayers-Unterwegs-2019-06-09-at-20.31.33-1-1024x768.jpeg 1024w, https:\/\/victoria-ig.de\/wp-content\/uploads\/2019\/06\/Mayers-Unterwegs-2019-06-09-at-20.31.33-1.jpeg 1600w\" sizes=\"auto, (max-width: 300px) 100vw, 300px\" \/><\/a>Eine neue Batterie f\u00fcr Tobias seine KR 26 gab es zum Gl\u00fcck auch. Sch\u00f6nes Anwesen und die Bewirtung\u2026 einfach super! Danke Roman f\u00fcr alles.<a href=\"https:\/\/victoria-ig.de\/wp-content\/uploads\/2019\/06\/Mayers-Unterwegs-2019-06-09-at-20.31.34-1.jpeg\"><img loading=\"lazy\" decoding=\"async\" class=\"aligncenter size-medium wp-image-6132\" src=\"https:\/\/victoria-ig.de\/wp-content\/uploads\/2019\/06\/Mayers-Unterwegs-2019-06-09-at-20.31.34-1-300x225.jpeg\" alt=\"\" width=\"300\" height=\"225\" srcset=\"https:\/\/victoria-ig.de\/wp-content\/uploads\/2019\/06\/Mayers-Unterwegs-2019-06-09-at-20.31.34-1-300x225.jpeg 300w, https:\/\/victoria-ig.de\/wp-content\/uploads\/2019\/06\/Mayers-Unterwegs-2019-06-09-at-20.31.34-1-768x576.jpeg 768w, https:\/\/victoria-ig.de\/wp-content\/uploads\/2019\/06\/Mayers-Unterwegs-2019-06-09-at-20.31.34-1-1024x768.jpeg 1024w, https:\/\/victoria-ig.de\/wp-content\/uploads\/2019\/06\/Mayers-Unterwegs-2019-06-09-at-20.31.34-1.jpeg 1600w\" sizes=\"auto, (max-width: 300px) 100vw, 300px\" \/><\/a><\/p>\n<p>GLORIA VICTORIA !<\/p>\n<p><a href=\"https:\/\/victoria-ig.de\/wp-content\/uploads\/2019\/06\/Mayers-Unterwegs-2019-06-09-at-20.31.34-2.jpeg\"><img loading=\"lazy\" decoding=\"async\" class=\"aligncenter size-medium wp-image-6133\" src=\"https:\/\/victoria-ig.de\/wp-content\/uploads\/2019\/06\/Mayers-Unterwegs-2019-06-09-at-20.31.34-2-300x225.jpeg\" alt=\"\" width=\"300\" height=\"225\" srcset=\"https:\/\/victoria-ig.de\/wp-content\/uploads\/2019\/06\/Mayers-Unterwegs-2019-06-09-at-20.31.34-2-300x225.jpeg 300w, https:\/\/victoria-ig.de\/wp-content\/uploads\/2019\/06\/Mayers-Unterwegs-2019-06-09-at-20.31.34-2-768x576.jpeg 768w, https:\/\/victoria-ig.de\/wp-content\/uploads\/2019\/06\/Mayers-Unterwegs-2019-06-09-at-20.31.34-2-1024x768.jpeg 1024w, https:\/\/victoria-ig.de\/wp-content\/uploads\/2019\/06\/Mayers-Unterwegs-2019-06-09-at-20.31.34-2.jpeg 1600w\" sizes=\"auto, (max-width: 300px) 100vw, 300px\" \/><\/a>Rupert hat uns noch einen Tipp gegeben, wir sollten doch am Hanga 7 vorbei schauen. Wer es nicht kennt, das ist eine Ausstellung von Red Bull. Flieger, Autos, Motorr\u00e4der und F1 Fahrzeuge gab es zu sehen.<\/p>\n<div class='polaroid-gallery galleryid-6081' style='width:510px;'>\n\t\t\t<a href=\"https:\/\/victoria-ig.de\/wp-content\/uploads\/2019\/06\/P1010559-1024x768.jpg\" title=\"P1010559\" rel=\"polaroid_1597174109\" class=\"polaroid-gallery-item showcaption\"><span class=\"polaroid-gallery-image\" title=\"\" style=\"background-image: url(https:\/\/victoria-ig.de\/wp-content\/uploads\/2019\/06\/P1010559-150x150.jpg); width: 150px; height: 150px;\"><\/span><\/a>\n\t\t\t<a href=\"https:\/\/victoria-ig.de\/wp-content\/uploads\/2019\/06\/P1010560-768x1024.jpg\" title=\"P1010560\" rel=\"polaroid_1597174109\" class=\"polaroid-gallery-item showcaption\"><span class=\"polaroid-gallery-image\" title=\"\" style=\"background-image: url(https:\/\/victoria-ig.de\/wp-content\/uploads\/2019\/06\/P1010560-150x150.jpg); width: 150px; height: 150px;\"><\/span><\/a>\n\t\t\t<a href=\"https:\/\/victoria-ig.de\/wp-content\/uploads\/2019\/06\/P1010554-1024x768.jpg\" title=\"P1010554\" rel=\"polaroid_1597174109\" class=\"polaroid-gallery-item showcaption\"><span class=\"polaroid-gallery-image\" title=\"\" style=\"background-image: url(https:\/\/victoria-ig.de\/wp-content\/uploads\/2019\/06\/P1010554-150x150.jpg); width: 150px; height: 150px;\"><\/span><\/a>\n\t\t\t<br style=\"clear: both;\" \/>\n\t\t\t<a href=\"https:\/\/victoria-ig.de\/wp-content\/uploads\/2019\/06\/P1010557-1024x768.jpg\" title=\"P1010557\" rel=\"polaroid_1597174109\" class=\"polaroid-gallery-item showcaption\"><span class=\"polaroid-gallery-image\" title=\"\" style=\"background-image: url(https:\/\/victoria-ig.de\/wp-content\/uploads\/2019\/06\/P1010557-150x150.jpg); width: 150px; height: 150px;\"><\/span><\/a>\n\t\t\t<a href=\"https:\/\/victoria-ig.de\/wp-content\/uploads\/2019\/06\/Mayers-Unterwegs-2019-06-09-at-20.31.39-2-1024x768.jpeg\" title=\"Mayers-Unterwegs-2019-06-09 at 20.31.39 (2)\" rel=\"polaroid_1597174109\" class=\"polaroid-gallery-item showcaption\"><span class=\"polaroid-gallery-image\" title=\"\" style=\"background-image: url(https:\/\/victoria-ig.de\/wp-content\/uploads\/2019\/06\/Mayers-Unterwegs-2019-06-09-at-20.31.39-2-150x150.jpeg); width: 150px; height: 150px;\"><\/span><\/a>\n\t\t\t<a href=\"https:\/\/victoria-ig.de\/wp-content\/uploads\/2019\/06\/Mayers-Unterwegs-2019-06-09-at-20.31.39-1-1024x768.jpeg\" title=\"Mayers-Unterwegs-2019-06-09 at 20.31.39 (1)\" rel=\"polaroid_1597174109\" class=\"polaroid-gallery-item showcaption\"><span class=\"polaroid-gallery-image\" title=\"\" style=\"background-image: url(https:\/\/victoria-ig.de\/wp-content\/uploads\/2019\/06\/Mayers-Unterwegs-2019-06-09-at-20.31.39-1-150x150.jpeg); width: 150px; height: 150px;\"><\/span><\/a>\n\t\t\t<br style=\"clear: both;\" \/><\/div>\n\n<p>Zu unserem Vorteil kostete es auch keinen Eintritt. Nach einem kurzen Aufenthalt ging es wieder zur\u00fcck Richtung Campingplatz. Es lief alles Rund und der Schmerz war aushaltbar. Abends wurde wieder gegrillt. Nebenzu war die Tankreparatur von Julia auch noch im Programm.<\/p>\n<p><a href=\"https:\/\/victoria-ig.de\/wp-content\/uploads\/2019\/06\/Mayers-Unterwegs-2019-06-09-at-20.34.18-1.jpeg\"><img loading=\"lazy\" decoding=\"async\" class=\"aligncenter size-medium wp-image-6137\" src=\"https:\/\/victoria-ig.de\/wp-content\/uploads\/2019\/06\/Mayers-Unterwegs-2019-06-09-at-20.34.18-1-169x300.jpeg\" alt=\"\" width=\"169\" height=\"300\" srcset=\"https:\/\/victoria-ig.de\/wp-content\/uploads\/2019\/06\/Mayers-Unterwegs-2019-06-09-at-20.34.18-1-169x300.jpeg 169w, https:\/\/victoria-ig.de\/wp-content\/uploads\/2019\/06\/Mayers-Unterwegs-2019-06-09-at-20.34.18-1-576x1024.jpeg 576w, https:\/\/victoria-ig.de\/wp-content\/uploads\/2019\/06\/Mayers-Unterwegs-2019-06-09-at-20.34.18-1.jpeg 747w\" sizes=\"auto, (max-width: 169px) 100vw, 169px\" \/><\/a><\/p>\n<p>Nun war der letzte Tag gekommen, gro\u00dfer Aufbruch. Nach dem Fr\u00fchst\u00fcck (zu sechst auf einem Teller und mit einem Messer, damit wir nicht so viel sp\u00fclen m\u00fcssen) wurde eingepackt, aufgeladen und zuletzt der Wohnwagen gereinigt.<\/p>\n<p><a href=\"https:\/\/victoria-ig.de\/wp-content\/uploads\/2019\/06\/Mayers-Unterwegs-2019-06-09-at-20.36.03.jpeg\"><img loading=\"lazy\" decoding=\"async\" class=\"aligncenter size-medium wp-image-6116\" src=\"https:\/\/victoria-ig.de\/wp-content\/uploads\/2019\/06\/Mayers-Unterwegs-2019-06-09-at-20.36.03-300x225.jpeg\" alt=\"\" width=\"300\" height=\"225\" srcset=\"https:\/\/victoria-ig.de\/wp-content\/uploads\/2019\/06\/Mayers-Unterwegs-2019-06-09-at-20.36.03-300x225.jpeg 300w, https:\/\/victoria-ig.de\/wp-content\/uploads\/2019\/06\/Mayers-Unterwegs-2019-06-09-at-20.36.03-768x576.jpeg 768w, https:\/\/victoria-ig.de\/wp-content\/uploads\/2019\/06\/Mayers-Unterwegs-2019-06-09-at-20.36.03-1024x768.jpeg 1024w, https:\/\/victoria-ig.de\/wp-content\/uploads\/2019\/06\/Mayers-Unterwegs-2019-06-09-at-20.36.03.jpeg 1600w\" sizes=\"auto, (max-width: 300px) 100vw, 300px\" \/><\/a><\/p>\n<p>Danach ging es los um 9:30 Uhr Richtung Gl\u00f6tt. Der erste Kilometer lief gut. Stefan voraus dann Julia, Jennifer, Tobias, Opa Norbert und zuletzt als Lumpensammler Uropa Ludwig. Schon nach wenigen Metern verpassten die ersten zwei die Abfahrt und fuhren gerade aus weiter, die anderen Bogen nach links ab. Nicht so schlimm! Umgedreht \u2026 und wieder die \u00fcbliche Reihenfolge eingenommen. Nun lief es wieder. Ramsau vorbei \u00fcber Berg und Tal vor Inzell Richtung Ruhpolding \u2013 Reit \u2013 K\u00f6ssen \u2013 Walchsee \u2013 bei Sebi den Berg hoch nach Wildbichl dann Aschau im Chiemgau und weiter durch Rosenheim. Es war wieder 12:00 Uhr wie Stefan sein Magen feststellen musste. <a href=\"https:\/\/victoria-ig.de\/wp-content\/uploads\/2019\/06\/Mayers-Unterwegs-2019-06-09-at-20.36.12.jpeg\"><img loading=\"lazy\" decoding=\"async\" class=\"aligncenter size-medium wp-image-6118\" src=\"https:\/\/victoria-ig.de\/wp-content\/uploads\/2019\/06\/Mayers-Unterwegs-2019-06-09-at-20.36.12-225x300.jpeg\" alt=\"\" width=\"225\" height=\"300\" srcset=\"https:\/\/victoria-ig.de\/wp-content\/uploads\/2019\/06\/Mayers-Unterwegs-2019-06-09-at-20.36.12-225x300.jpeg 225w, https:\/\/victoria-ig.de\/wp-content\/uploads\/2019\/06\/Mayers-Unterwegs-2019-06-09-at-20.36.12-768x1024.jpeg 768w, https:\/\/victoria-ig.de\/wp-content\/uploads\/2019\/06\/Mayers-Unterwegs-2019-06-09-at-20.36.12.jpeg 1200w\" sizes=\"auto, (max-width: 225px) 100vw, 225px\" \/><\/a>Mittagessen genossen und weiter geht die Fahrt nach Ebersberg. Bei Vatterstetten noch ein Tankstopp bevor es auf die Autobahn geht. <a href=\"https:\/\/victoria-ig.de\/wp-content\/uploads\/2019\/06\/Mayers-Unterwegs-2019-06-09-at-20.37.42.jpeg\"><img loading=\"lazy\" decoding=\"async\" class=\"aligncenter size-medium wp-image-6122\" src=\"https:\/\/victoria-ig.de\/wp-content\/uploads\/2019\/06\/Mayers-Unterwegs-2019-06-09-at-20.37.42-300x169.jpeg\" alt=\"\" width=\"300\" height=\"169\" srcset=\"https:\/\/victoria-ig.de\/wp-content\/uploads\/2019\/06\/Mayers-Unterwegs-2019-06-09-at-20.37.42-300x169.jpeg 300w, https:\/\/victoria-ig.de\/wp-content\/uploads\/2019\/06\/Mayers-Unterwegs-2019-06-09-at-20.37.42-768x432.jpeg 768w, https:\/\/victoria-ig.de\/wp-content\/uploads\/2019\/06\/Mayers-Unterwegs-2019-06-09-at-20.37.42-1024x576.jpeg 1024w, https:\/\/victoria-ig.de\/wp-content\/uploads\/2019\/06\/Mayers-Unterwegs-2019-06-09-at-20.37.42.jpeg 1600w\" sizes=\"auto, (max-width: 300px) 100vw, 300px\" \/><\/a>Zu allem Leid war da z\u00e4hflie\u00dfender Verkehr, aber immerhin kein komplettes Stehen. A99 um M\u00fcnchen herum, dann A8 Richtung Zusmarshausen. Pl\u00f6tzlich fuhr Tobias in Welden von der Autobahn runter. Was ist den da Los? Die KR 26 l\u00f6st sich allm\u00e4hlich auf. Hupe ab, Auspuffschelle abgebrochen. Alles halb so Wild. Mit einem Spanngummi wurde der Auspuff hochgebunden und die Hupe abmontiert.<a href=\"https:\/\/victoria-ig.de\/wp-content\/uploads\/2019\/06\/Mayers-Unterwegs-2019-06-09-at-20.37.42-1.jpeg\"><img loading=\"lazy\" decoding=\"async\" class=\"aligncenter size-medium wp-image-6139\" src=\"https:\/\/victoria-ig.de\/wp-content\/uploads\/2019\/06\/Mayers-Unterwegs-2019-06-09-at-20.37.42-1-225x300.jpeg\" alt=\"\" width=\"225\" height=\"300\" srcset=\"https:\/\/victoria-ig.de\/wp-content\/uploads\/2019\/06\/Mayers-Unterwegs-2019-06-09-at-20.37.42-1-225x300.jpeg 225w, https:\/\/victoria-ig.de\/wp-content\/uploads\/2019\/06\/Mayers-Unterwegs-2019-06-09-at-20.37.42-1-768x1024.jpeg 768w, https:\/\/victoria-ig.de\/wp-content\/uploads\/2019\/06\/Mayers-Unterwegs-2019-06-09-at-20.37.42-1.jpeg 1200w\" sizes=\"auto, (max-width: 225px) 100vw, 225px\" \/><\/a><\/p>\n<p>Jetzt die Letzten Kilometer bis nach Hause. Die letzten Kr\u00e4fte ausgepackt und weiter geht es. Gegen 16 Uhr sind wir alle gut angekommen.<a href=\"https:\/\/victoria-ig.de\/wp-content\/uploads\/2019\/06\/Mayers-Unterwegs-2019-06-09-at-20.37.43-1.jpeg\"><img loading=\"lazy\" decoding=\"async\" class=\"aligncenter size-medium wp-image-6140\" src=\"https:\/\/victoria-ig.de\/wp-content\/uploads\/2019\/06\/Mayers-Unterwegs-2019-06-09-at-20.37.43-1-300x169.jpeg\" alt=\"\" width=\"300\" height=\"169\" srcset=\"https:\/\/victoria-ig.de\/wp-content\/uploads\/2019\/06\/Mayers-Unterwegs-2019-06-09-at-20.37.43-1-300x169.jpeg 300w, https:\/\/victoria-ig.de\/wp-content\/uploads\/2019\/06\/Mayers-Unterwegs-2019-06-09-at-20.37.43-1-768x432.jpeg 768w, https:\/\/victoria-ig.de\/wp-content\/uploads\/2019\/06\/Mayers-Unterwegs-2019-06-09-at-20.37.43-1-1024x576.jpeg 1024w, https:\/\/victoria-ig.de\/wp-content\/uploads\/2019\/06\/Mayers-Unterwegs-2019-06-09-at-20.37.43-1.jpeg 1600w\" sizes=\"auto, (max-width: 300px) 100vw, 300px\" \/><\/a><\/p>\n<p>Ein anstrengendes und aufregendes sch\u00f6nes, langes Wochenende ging zu Ende. Die n\u00e4chsten Tage hei\u00dft es putzen und schrauben f\u00fcr die n\u00e4chste Ausfahrt mit den Victorias.<\/p>\n<p>GLORIA VICTORIA!<\/p>\n<p>Liebe Gr\u00fc\u00dfe Familie Mayer<\/p>\n","protected":false},"excerpt":{"rendered":"<p>Von der Familie Mayer Am 01. Mai diesen Jahres entschieden wir uns einen Vatertagsausflug, wie schon die Jahre zuvor, zu unternehmen. Es wurde flei\u00dfig geplant mit was wir unterwegs sein werden. Da die Auswahl ziemlich umfangreich ist, war die Entscheidung sehr schwer zu treffen. Kurzer Hand viel die Wahl auf die KR 26 von Julia, &hellip; <a href=\"https:\/\/victoria-ig.de\/?p=6081\" class=\"more-link\"><span class=\"screen-reader-text\">Victoria-Bavaria \u2013 Die Mayer\u00b4s Unterwegs<\/span> weiterlesen<\/a><\/p>\n","protected":false},"author":1,"featured_media":0,"comment_status":"open","ping_status":"open","sticky":false,"template":"","format":"standard","meta":{"footnotes":""},"categories":[1],"tags":[],"class_list":["post-6081","post","type-post","status-publish","format-standard","hentry","category-uncategorized"],"_links":{"self":[{"href":"https:\/\/victoria-ig.de\/index.php?rest_route=\/wp\/v2\/posts\/6081","targetHints":{"allow":["GET"]}}],"collection":[{"href":"https:\/\/victoria-ig.de\/index.php?rest_route=\/wp\/v2\/posts"}],"about":[{"href":"https:\/\/victoria-ig.de\/index.php?rest_route=\/wp\/v2\/types\/post"}],"author":[{"embeddable":true,"href":"https:\/\/victoria-ig.de\/index.php?rest_route=\/wp\/v2\/users\/1"}],"replies":[{"embeddable":true,"href":"https:\/\/victoria-ig.de\/index.php?rest_route=%2Fwp%2Fv2%2Fcomments&post=6081"}],"version-history":[{"count":0,"href":"https:\/\/victoria-ig.de\/index.php?rest_route=\/wp\/v2\/posts\/6081\/revisions"}],"wp:attachment":[{"href":"https:\/\/victoria-ig.de\/index.php?rest_route=%2Fwp%2Fv2%2Fmedia&parent=6081"}],"wp:term":[{"taxonomy":"category","embeddable":true,"href":"https:\/\/victoria-ig.de\/index.php?rest_route=%2Fwp%2Fv2%2Fcategories&post=6081"},{"taxonomy":"post_tag","embeddable":true,"href":"https:\/\/victoria-ig.de\/index.php?rest_route=%2Fwp%2Fv2%2Ftags&post=6081"}],"curies":[{"name":"wp","href":"https:\/\/api.w.org\/{rel}","templated":true}]}}