{"id":5047,"date":"2018-12-10T21:52:55","date_gmt":"2018-12-10T21:52:55","guid":{"rendered":"http:\/\/victoria-ig.de\/?p=5047"},"modified":"2018-12-10T21:52:55","modified_gmt":"2018-12-10T21:52:55","slug":"messen-an-den-messen-erster-tag-fortsetzung","status":"publish","type":"post","link":"https:\/\/victoria-ig.de\/?p=5047","title":{"rendered":"Messen an den Messen \u2013 erster Tag Fortsetzung"},"content":{"rendered":"<p>So, der Classic Editor ist wieder in WordPress aktiviert und alles sieht so aus wie vorher. Das war der Grund warum kurzzeitig Funkstille war. (Das ist die Software mit der unsere Webseiten entstehen)<\/p>\n<p><a href=\"https:\/\/victoria-ig.de\/wp-content\/uploads\/2018\/12\/Gobo_Victoria.jpg\"><img loading=\"lazy\" decoding=\"async\" class=\"aligncenter size-large wp-image-5059\" src=\"https:\/\/victoria-ig.de\/wp-content\/uploads\/2018\/12\/Gobo_Victoria-498x1024.jpg\" alt=\"\" width=\"498\" height=\"1024\" \/><\/a><\/p>\n<p>Wo waren wir, ah ja, Retro Bavaria erster Tag. Beginnen m\u00f6chte ich aber bereits am Dienstagabend. Hans Koch, unser Kassierer hatte die Idee bereits am Mittwoch aufzubauen.\u00a0 Ich dachte zuerst, gehts noch Fr\u00fcher ? (Heute durch Wissen kl\u00fcger: Hans, das war die beste Idee der Messe.) Klar, alles war auf Donnerstag ausgerichtet und dann pl\u00f6tzlich alles Vorziehen. Na ja, gesagt getan. Hans und seine Tochter Christina holen den Bus bei mir ab, nachdem sie das Held Bier gekauft haben. Ach ja, die Familie Koch, bestehend aus Hans, Doris (Ehefrau), Eva (\u00e4ltere Tochter) und Christina (j\u00fcngere Tochter, am Donnerstag 18 geworden &#8211; Happy Birthday) wird uns im Laufe der Messe noch das ein oder andermal begegnen. Auf jeden Fall schon mal Danke f\u00fcr Eure Gastfreundschaft, Zimmer freir\u00e4umen, Haus voll haben, ausreichend Getr\u00e4nke im Haus \ud83d\ude42 etc.<\/p>\n<p>Also Licht holen, Podest Laden und dann auch gleich das Gespann mitnehmen.<a href=\"https:\/\/victoria-ig.de\/wp-content\/uploads\/2018\/12\/Einladen-KR26_start.jpg\"><img loading=\"lazy\" decoding=\"async\" class=\"aligncenter size-large wp-image-5060\" src=\"https:\/\/victoria-ig.de\/wp-content\/uploads\/2018\/12\/Einladen-KR26_start-1024x498.jpg\" alt=\"\" width=\"660\" height=\"321\" srcset=\"https:\/\/victoria-ig.de\/wp-content\/uploads\/2018\/12\/Einladen-KR26_start-1024x498.jpg 1024w, https:\/\/victoria-ig.de\/wp-content\/uploads\/2018\/12\/Einladen-KR26_start-300x146.jpg 300w, https:\/\/victoria-ig.de\/wp-content\/uploads\/2018\/12\/Einladen-KR26_start-768x373.jpg 768w\" sizes=\"auto, (max-width: 660px) 100vw, 660px\" \/><\/a>Lampen ausladen, Gespann einladen, Lampen wieder einladen und dann weiter um die Lichttraversen abholen.<\/p>\n<p>Und was machen wir da ? Zuerst die Lampen ausladen, dann erschrecken wir wie viel Ladefl\u00e4che die Traversen brauchen, beschlie\u00dfen das das Gespann dann erst am Donnerstag kommt und wieder ausgeladen wird.<a href=\"https:\/\/victoria-ig.de\/wp-content\/uploads\/2018\/12\/Hans-und-Tochter.jpg\"><img loading=\"lazy\" decoding=\"async\" class=\"aligncenter size-large wp-image-5062\" src=\"https:\/\/victoria-ig.de\/wp-content\/uploads\/2018\/12\/Hans-und-Tochter-1024x498.jpg\" alt=\"\" width=\"660\" height=\"321\" srcset=\"https:\/\/victoria-ig.de\/wp-content\/uploads\/2018\/12\/Hans-und-Tochter-1024x498.jpg 1024w, https:\/\/victoria-ig.de\/wp-content\/uploads\/2018\/12\/Hans-und-Tochter-300x146.jpg 300w, https:\/\/victoria-ig.de\/wp-content\/uploads\/2018\/12\/Hans-und-Tochter-768x373.jpg 768w\" sizes=\"auto, (max-width: 660px) 100vw, 660px\" \/><\/a>Na ja, jetzt also die Lampen einladen, zur\u00fcck zur Garage fahren und was wohl ? Jo, Lampen ausladen, Gespann ausladen und die Lampen wieder einladen.<\/p>\n<p>Dann beim Abholen der Traversen die Lampen wieder ausladen, Traversen einladen und die Lampen wieder einladen und Hans f\u00e4hrt wieder nach N\u00fcrnberg. (mir wird richtig schwindelig wenn ich das so lese)<a href=\"https:\/\/victoria-ig.de\/wp-content\/uploads\/2018\/12\/Gespann.jpg\"><img loading=\"lazy\" decoding=\"async\" class=\"aligncenter size-large wp-image-5061\" src=\"https:\/\/victoria-ig.de\/wp-content\/uploads\/2018\/12\/Gespann-498x1024.jpg\" alt=\"\" width=\"498\" height=\"1024\" srcset=\"https:\/\/victoria-ig.de\/wp-content\/uploads\/2018\/12\/Gespann-498x1024.jpg 498w, https:\/\/victoria-ig.de\/wp-content\/uploads\/2018\/12\/Gespann-146x300.jpg 146w, https:\/\/victoria-ig.de\/wp-content\/uploads\/2018\/12\/Gespann-768x1580.jpg 768w, https:\/\/victoria-ig.de\/wp-content\/uploads\/2018\/12\/Gespann.jpg 1960w\" sizes=\"auto, (max-width: 498px) 100vw, 498px\" \/><\/a>Wir sprechen hier nur von Dienstagabend \ud83d\ude42<\/p>\n<p>Hier wurden die einzelnen Elemente des Standes angeliefert und ausgeladen. Am Donnerstag waren dann bereits das Traversensystem und die Standelemente aufgebaut, so das alle Helfer bereits anfassen konnten.<\/p>\n<p><a href=\"https:\/\/victoria-ig.de\/wp-content\/uploads\/2018\/12\/Messe_Aufbau-2018-12-06-at-11.04.12.jpeg\"><img loading=\"lazy\" decoding=\"async\" class=\"aligncenter size-large wp-image-5054\" src=\"https:\/\/victoria-ig.de\/wp-content\/uploads\/2018\/12\/Messe_Aufbau-2018-12-06-at-11.04.12-1024x768.jpeg\" alt=\"\" width=\"660\" height=\"495\" srcset=\"https:\/\/victoria-ig.de\/wp-content\/uploads\/2018\/12\/Messe_Aufbau-2018-12-06-at-11.04.12-1024x768.jpeg 1024w, https:\/\/victoria-ig.de\/wp-content\/uploads\/2018\/12\/Messe_Aufbau-2018-12-06-at-11.04.12-300x225.jpeg 300w, https:\/\/victoria-ig.de\/wp-content\/uploads\/2018\/12\/Messe_Aufbau-2018-12-06-at-11.04.12-768x576.jpeg 768w, https:\/\/victoria-ig.de\/wp-content\/uploads\/2018\/12\/Messe_Aufbau-2018-12-06-at-11.04.12.jpeg 1600w\" sizes=\"auto, (max-width: 660px) 100vw, 660px\" \/><\/a> Hier wurden die einzelnen Elemente des Standes angeliefert und ausgeladen.<a href=\"https:\/\/victoria-ig.de\/wp-content\/uploads\/2018\/12\/Messe_Aufbau-2018-12-06-at-11.04.12-2.jpeg\"><img loading=\"lazy\" decoding=\"async\" class=\"aligncenter size-large wp-image-5053\" src=\"https:\/\/victoria-ig.de\/wp-content\/uploads\/2018\/12\/Messe_Aufbau-2018-12-06-at-11.04.12-2-1024x768.jpeg\" alt=\"\" width=\"660\" height=\"495\" srcset=\"https:\/\/victoria-ig.de\/wp-content\/uploads\/2018\/12\/Messe_Aufbau-2018-12-06-at-11.04.12-2-1024x768.jpeg 1024w, https:\/\/victoria-ig.de\/wp-content\/uploads\/2018\/12\/Messe_Aufbau-2018-12-06-at-11.04.12-2-300x225.jpeg 300w, https:\/\/victoria-ig.de\/wp-content\/uploads\/2018\/12\/Messe_Aufbau-2018-12-06-at-11.04.12-2-768x576.jpeg 768w, https:\/\/victoria-ig.de\/wp-content\/uploads\/2018\/12\/Messe_Aufbau-2018-12-06-at-11.04.12-2.jpeg 1600w\" sizes=\"auto, (max-width: 660px) 100vw, 660px\" \/><\/a>Am Donnerstag waren dann bereits das Traversensystem und die Standelemente aufgebaut, so das alle Helfer bereits anfassen konnten. <a href=\"https:\/\/victoria-ig.de\/wp-content\/uploads\/2018\/12\/Messe_Aufbau-2018-12-06-at-11.04.13.jpeg\"><img loading=\"lazy\" decoding=\"async\" class=\"aligncenter size-large wp-image-5051\" src=\"https:\/\/victoria-ig.de\/wp-content\/uploads\/2018\/12\/Messe_Aufbau-2018-12-06-at-11.04.13-768x1024.jpeg\" alt=\"\" width=\"660\" height=\"880\" srcset=\"https:\/\/victoria-ig.de\/wp-content\/uploads\/2018\/12\/Messe_Aufbau-2018-12-06-at-11.04.13-768x1024.jpeg 768w, https:\/\/victoria-ig.de\/wp-content\/uploads\/2018\/12\/Messe_Aufbau-2018-12-06-at-11.04.13-225x300.jpeg 225w, https:\/\/victoria-ig.de\/wp-content\/uploads\/2018\/12\/Messe_Aufbau-2018-12-06-at-11.04.13.jpeg 1200w\" sizes=\"auto, (max-width: 660px) 100vw, 660px\" \/><\/a>Donnerstag waren es dann viele flei\u00dfige H\u00e4nde.<\/p>\n<p>Es herrschte keinerlei Chaos, kein &#8220;allein irgendetwas tun&#8221; oder &#8220;nichts tun&#8221;. Nein, Teamwork. Eine Schweizer Uhr kann nicht besser laufen. Der Chronograph des Messebaus.<\/p>\n<p><a href=\"https:\/\/victoria-ig.de\/wp-content\/uploads\/2018\/12\/Messe_Aufbau-2018-12-06-at-11.04.14-1.jpeg\"><img loading=\"lazy\" decoding=\"async\" class=\"aligncenter size-large wp-image-5052\" src=\"https:\/\/victoria-ig.de\/wp-content\/uploads\/2018\/12\/Messe_Aufbau-2018-12-06-at-11.04.14-1-768x1024.jpeg\" alt=\"\" width=\"660\" height=\"880\" srcset=\"https:\/\/victoria-ig.de\/wp-content\/uploads\/2018\/12\/Messe_Aufbau-2018-12-06-at-11.04.14-1-768x1024.jpeg 768w, https:\/\/victoria-ig.de\/wp-content\/uploads\/2018\/12\/Messe_Aufbau-2018-12-06-at-11.04.14-1-225x300.jpeg 225w, https:\/\/victoria-ig.de\/wp-content\/uploads\/2018\/12\/Messe_Aufbau-2018-12-06-at-11.04.14-1.jpeg 1200w\" sizes=\"auto, (max-width: 660px) 100vw, 660px\" \/><\/a>Uly w\u00fcrde sofort einfallen das nur ein Victoriamotor so harmonisch funktionieren kann. Recht hat er.<\/p>\n<p><a href=\"https:\/\/victoria-ig.de\/wp-content\/uploads\/2018\/12\/Messe_Aufbau-2018-12-06-at-11.04.14.jpeg\"><img loading=\"lazy\" decoding=\"async\" class=\"aligncenter size-large wp-image-5055\" src=\"https:\/\/victoria-ig.de\/wp-content\/uploads\/2018\/12\/Messe_Aufbau-2018-12-06-at-11.04.14-768x1024.jpeg\" alt=\"\" width=\"660\" height=\"880\" srcset=\"https:\/\/victoria-ig.de\/wp-content\/uploads\/2018\/12\/Messe_Aufbau-2018-12-06-at-11.04.14-768x1024.jpeg 768w, https:\/\/victoria-ig.de\/wp-content\/uploads\/2018\/12\/Messe_Aufbau-2018-12-06-at-11.04.14-225x300.jpeg 225w, https:\/\/victoria-ig.de\/wp-content\/uploads\/2018\/12\/Messe_Aufbau-2018-12-06-at-11.04.14.jpeg 1200w\" sizes=\"auto, (max-width: 660px) 100vw, 660px\" \/><\/a>Die ersten Exponate.<\/p>\n<figure id=\"attachment_5019\" aria-describedby=\"caption-attachment-5019\" style=\"width: 660px\" class=\"wp-caption aligncenter\"><a href=\"https:\/\/victoria-ig.de\/wp-content\/uploads\/2018\/12\/Victoria_Retro_Bavaria_2018-22.45.32-6.jpeg\"><img loading=\"lazy\" decoding=\"async\" class=\"size-large wp-image-5019\" src=\"https:\/\/victoria-ig.de\/wp-content\/uploads\/2018\/12\/Victoria_Retro_Bavaria_2018-22.45.32-6-1024x497.jpeg\" alt=\"\" width=\"660\" height=\"320\" srcset=\"https:\/\/victoria-ig.de\/wp-content\/uploads\/2018\/12\/Victoria_Retro_Bavaria_2018-22.45.32-6-1024x497.jpeg 1024w, https:\/\/victoria-ig.de\/wp-content\/uploads\/2018\/12\/Victoria_Retro_Bavaria_2018-22.45.32-6-300x146.jpeg 300w, https:\/\/victoria-ig.de\/wp-content\/uploads\/2018\/12\/Victoria_Retro_Bavaria_2018-22.45.32-6-768x373.jpeg 768w, https:\/\/victoria-ig.de\/wp-content\/uploads\/2018\/12\/Victoria_Retro_Bavaria_2018-22.45.32-6.jpeg 1600w\" sizes=\"auto, (max-width: 660px) 100vw, 660px\" \/><\/a><figcaption id=\"caption-attachment-5019\" class=\"wp-caption-text\">Helmut kommt an<\/figcaption><\/figure>\n<p>Uwe hatte die ganze Zeit Spa\u00df, hier mit Helmut.<\/p>\n<p><a href=\"https:\/\/victoria-ig.de\/wp-content\/uploads\/2018\/12\/Victoria_Retro_Bavaria_2018-22.45.29-1.jpeg\"><img loading=\"lazy\" decoding=\"async\" class=\"size-large wp-image-5023\" src=\"https:\/\/victoria-ig.de\/wp-content\/uploads\/2018\/12\/Victoria_Retro_Bavaria_2018-22.45.29-1-1024x497.jpeg\" alt=\"\" width=\"660\" height=\"320\" srcset=\"https:\/\/victoria-ig.de\/wp-content\/uploads\/2018\/12\/Victoria_Retro_Bavaria_2018-22.45.29-1-1024x497.jpeg 1024w, https:\/\/victoria-ig.de\/wp-content\/uploads\/2018\/12\/Victoria_Retro_Bavaria_2018-22.45.29-1-300x146.jpeg 300w, https:\/\/victoria-ig.de\/wp-content\/uploads\/2018\/12\/Victoria_Retro_Bavaria_2018-22.45.29-1-768x373.jpeg 768w, https:\/\/victoria-ig.de\/wp-content\/uploads\/2018\/12\/Victoria_Retro_Bavaria_2018-22.45.29-1.jpeg 1600w\" sizes=\"auto, (max-width: 660px) 100vw, 660px\" \/><\/a><\/p>\n<p>Die Kompressor Maschine wurde bereits zum dritten Mal inkl. Podest verr\u00fcckt. Jetzt passt es. Gert ist zufrieden.<\/p>\n<figure id=\"attachment_5020\" aria-describedby=\"caption-attachment-5020\" style=\"width: 660px\" class=\"wp-caption aligncenter\"><a href=\"https:\/\/victoria-ig.de\/wp-content\/uploads\/2018\/12\/Victoria_Retro_Bavaria_2018-22.45.32-7.jpeg\"><img loading=\"lazy\" decoding=\"async\" class=\"size-large wp-image-5020\" src=\"https:\/\/victoria-ig.de\/wp-content\/uploads\/2018\/12\/Victoria_Retro_Bavaria_2018-22.45.32-7-1024x497.jpeg\" alt=\"\" width=\"660\" height=\"320\" srcset=\"https:\/\/victoria-ig.de\/wp-content\/uploads\/2018\/12\/Victoria_Retro_Bavaria_2018-22.45.32-7-1024x497.jpeg 1024w, https:\/\/victoria-ig.de\/wp-content\/uploads\/2018\/12\/Victoria_Retro_Bavaria_2018-22.45.32-7-300x146.jpeg 300w, https:\/\/victoria-ig.de\/wp-content\/uploads\/2018\/12\/Victoria_Retro_Bavaria_2018-22.45.32-7-768x373.jpeg 768w, https:\/\/victoria-ig.de\/wp-content\/uploads\/2018\/12\/Victoria_Retro_Bavaria_2018-22.45.32-7.jpeg 1600w\" sizes=\"auto, (max-width: 660px) 100vw, 660px\" \/><\/a><figcaption id=\"caption-attachment-5020\" class=\"wp-caption-text\">Hier wird besprochen und gekl\u00e4rt. Norbert, Edgar, Helmut und Anton. Victoria forever.<\/figcaption><\/figure>\n<figure id=\"attachment_5021\" aria-describedby=\"caption-attachment-5021\" style=\"width: 660px\" class=\"wp-caption aligncenter\"><a href=\"https:\/\/victoria-ig.de\/wp-content\/uploads\/2018\/12\/Victoria_Retro_Bavaria_2018-22.45.32-8.jpeg\"><img loading=\"lazy\" decoding=\"async\" class=\"size-large wp-image-5021\" src=\"https:\/\/victoria-ig.de\/wp-content\/uploads\/2018\/12\/Victoria_Retro_Bavaria_2018-22.45.32-8-1024x497.jpeg\" alt=\"\" width=\"660\" height=\"320\" srcset=\"https:\/\/victoria-ig.de\/wp-content\/uploads\/2018\/12\/Victoria_Retro_Bavaria_2018-22.45.32-8-1024x497.jpeg 1024w, https:\/\/victoria-ig.de\/wp-content\/uploads\/2018\/12\/Victoria_Retro_Bavaria_2018-22.45.32-8-300x146.jpeg 300w, https:\/\/victoria-ig.de\/wp-content\/uploads\/2018\/12\/Victoria_Retro_Bavaria_2018-22.45.32-8-768x373.jpeg 768w, https:\/\/victoria-ig.de\/wp-content\/uploads\/2018\/12\/Victoria_Retro_Bavaria_2018-22.45.32-8.jpeg 1600w\" sizes=\"auto, (max-width: 660px) 100vw, 660px\" \/><\/a><figcaption id=\"caption-attachment-5021\" class=\"wp-caption-text\">Erwischt. Werner beim Aufh\u00e4ngen oder hinstellen des runden Rahmens. Kann man nicht erkl\u00e4ren, m\u00fcsst ihr sehen. Bild wird nachgereicht.<\/figcaption><\/figure>\n<p>Und so ist unser Victoria-IG-Stand langsam komplett geworden.<\/p>\n<figure id=\"attachment_5018\" aria-describedby=\"caption-attachment-5018\" style=\"width: 660px\" class=\"wp-caption aligncenter\"><a href=\"https:\/\/victoria-ig.de\/wp-content\/uploads\/2018\/12\/Victoria_Retro_Bavaria_2018-22.45.32-5.jpeg\"><img loading=\"lazy\" decoding=\"async\" class=\"size-large wp-image-5018\" src=\"https:\/\/victoria-ig.de\/wp-content\/uploads\/2018\/12\/Victoria_Retro_Bavaria_2018-22.45.32-5-1024x497.jpeg\" alt=\"\" width=\"660\" height=\"320\" srcset=\"https:\/\/victoria-ig.de\/wp-content\/uploads\/2018\/12\/Victoria_Retro_Bavaria_2018-22.45.32-5-1024x497.jpeg 1024w, https:\/\/victoria-ig.de\/wp-content\/uploads\/2018\/12\/Victoria_Retro_Bavaria_2018-22.45.32-5-300x146.jpeg 300w, https:\/\/victoria-ig.de\/wp-content\/uploads\/2018\/12\/Victoria_Retro_Bavaria_2018-22.45.32-5-768x373.jpeg 768w, https:\/\/victoria-ig.de\/wp-content\/uploads\/2018\/12\/Victoria_Retro_Bavaria_2018-22.45.32-5.jpeg 1600w\" sizes=\"auto, (max-width: 660px) 100vw, 660px\" \/><\/a><figcaption id=\"caption-attachment-5018\" class=\"wp-caption-text\">Mit Licht l\u00e4sst sich vieles in Szene setzen. Mehr Licht!<\/figcaption><\/figure>\n<figure id=\"attachment_5017\" aria-describedby=\"caption-attachment-5017\" style=\"width: 660px\" class=\"wp-caption aligncenter\"><a href=\"https:\/\/victoria-ig.de\/wp-content\/uploads\/2018\/12\/Victoria_Retro_Bavaria_2018-22.45.32-4.jpeg\"><img loading=\"lazy\" decoding=\"async\" class=\"size-large wp-image-5017\" src=\"https:\/\/victoria-ig.de\/wp-content\/uploads\/2018\/12\/Victoria_Retro_Bavaria_2018-22.45.32-4-1024x497.jpeg\" alt=\"\" width=\"660\" height=\"320\" srcset=\"https:\/\/victoria-ig.de\/wp-content\/uploads\/2018\/12\/Victoria_Retro_Bavaria_2018-22.45.32-4-1024x497.jpeg 1024w, https:\/\/victoria-ig.de\/wp-content\/uploads\/2018\/12\/Victoria_Retro_Bavaria_2018-22.45.32-4-300x146.jpeg 300w, https:\/\/victoria-ig.de\/wp-content\/uploads\/2018\/12\/Victoria_Retro_Bavaria_2018-22.45.32-4-768x373.jpeg 768w, https:\/\/victoria-ig.de\/wp-content\/uploads\/2018\/12\/Victoria_Retro_Bavaria_2018-22.45.32-4.jpeg 1600w\" sizes=\"auto, (max-width: 660px) 100vw, 660px\" \/><\/a><figcaption id=\"caption-attachment-5017\" class=\"wp-caption-text\">Ecke zum Gang. Fragt nicht wie die TV\u00b4s h\u00e4ngen. Und was da noch f\u00fcr ein Aufwand vor dem Messebeginn war.<\/figcaption><\/figure>\n<p>Hier sind die beiden Monitore bereits montiert.<\/p>\n<figure id=\"attachment_5016\" aria-describedby=\"caption-attachment-5016\" style=\"width: 497px\" class=\"wp-caption aligncenter\"><a href=\"https:\/\/victoria-ig.de\/wp-content\/uploads\/2018\/12\/Victoria_Retro_Bavaria_2018-22.45.32-3.jpeg\"><img loading=\"lazy\" decoding=\"async\" class=\"size-large wp-image-5016\" src=\"https:\/\/victoria-ig.de\/wp-content\/uploads\/2018\/12\/Victoria_Retro_Bavaria_2018-22.45.32-3-497x1024.jpeg\" alt=\"\" width=\"497\" height=\"1024\" srcset=\"https:\/\/victoria-ig.de\/wp-content\/uploads\/2018\/12\/Victoria_Retro_Bavaria_2018-22.45.32-3-497x1024.jpeg 497w, https:\/\/victoria-ig.de\/wp-content\/uploads\/2018\/12\/Victoria_Retro_Bavaria_2018-22.45.32-3-146x300.jpeg 146w, https:\/\/victoria-ig.de\/wp-content\/uploads\/2018\/12\/Victoria_Retro_Bavaria_2018-22.45.32-3-768x1581.jpeg 768w, https:\/\/victoria-ig.de\/wp-content\/uploads\/2018\/12\/Victoria_Retro_Bavaria_2018-22.45.32-3.jpeg 777w\" sizes=\"auto, (max-width: 497px) 100vw, 497px\" \/><\/a><figcaption id=\"caption-attachment-5016\" class=\"wp-caption-text\">Seitenansicht. Der rote Teppich fehlt noch.<\/figcaption><\/figure>\n<figure id=\"attachment_5015\" aria-describedby=\"caption-attachment-5015\" style=\"width: 497px\" class=\"wp-caption aligncenter\"><a href=\"https:\/\/victoria-ig.de\/wp-content\/uploads\/2018\/12\/Victoria_Retro_Bavaria_2018-22.45.32-2.jpeg\"><img loading=\"lazy\" decoding=\"async\" class=\"size-large wp-image-5015\" src=\"https:\/\/victoria-ig.de\/wp-content\/uploads\/2018\/12\/Victoria_Retro_Bavaria_2018-22.45.32-2-497x1024.jpeg\" alt=\"\" width=\"497\" height=\"1024\" srcset=\"https:\/\/victoria-ig.de\/wp-content\/uploads\/2018\/12\/Victoria_Retro_Bavaria_2018-22.45.32-2-497x1024.jpeg 497w, https:\/\/victoria-ig.de\/wp-content\/uploads\/2018\/12\/Victoria_Retro_Bavaria_2018-22.45.32-2-146x300.jpeg 146w, https:\/\/victoria-ig.de\/wp-content\/uploads\/2018\/12\/Victoria_Retro_Bavaria_2018-22.45.32-2-768x1581.jpeg 768w, https:\/\/victoria-ig.de\/wp-content\/uploads\/2018\/12\/Victoria_Retro_Bavaria_2018-22.45.32-2.jpeg 777w\" sizes=\"auto, (max-width: 497px) 100vw, 497px\" \/><\/a><figcaption id=\"caption-attachment-5015\" class=\"wp-caption-text\">Gutes Licht ? Hell genug.<\/figcaption><\/figure>\n<p>Hier wurde bereits die LED Laufschrift der Victoria Interessen Gemeinschaft installiert.<\/p>\n<p>Es ist wirklich faszinierend wenn man das Zusammenspiel der Victorianer betrachtet. Jeder macht das was er kann und das richtig.\u00a0 Das sind alles Leute die sich einmal im Jahr auf unseren Treffen sehen, aber noch niemals einen Messestand miteinander aufgebaut haben. Aber es sind alles Leute die die Arbeit sehen und sie auch erledigen.<\/p>\n<p>So, genug gelobhudelt.<\/p>\n<p>Ich habe dann den Transporter wieder abgeben k\u00f6nnen, habe den Rest der fehlenden Teile geholt und war voller Vorfreude und Erwartung auf den ersten Messetag der Retro Bavaria 2018 mit der Sonderausstellung N\u00fcrnberger Motorr\u00e4der.<\/p>\n<p>Freue mich auf den ersten Messetag.<\/p>\n","protected":false},"excerpt":{"rendered":"<p>So, der Classic Editor ist wieder in WordPress aktiviert und alles sieht so aus wie vorher. Das war der Grund warum kurzzeitig Funkstille war. (Das ist die Software mit der unsere Webseiten entstehen) Wo waren wir, ah ja, Retro Bavaria erster Tag. Beginnen m\u00f6chte ich aber bereits am Dienstagabend. Hans Koch, unser Kassierer hatte die &hellip; <a href=\"https:\/\/victoria-ig.de\/?p=5047\" class=\"more-link\"><span class=\"screen-reader-text\">Messen an den Messen \u2013 erster Tag Fortsetzung<\/span> weiterlesen<\/a><\/p>\n","protected":false},"author":1,"featured_media":0,"comment_status":"open","ping_status":"open","sticky":false,"template":"","format":"standard","meta":{"footnotes":""},"categories":[1],"tags":[],"class_list":["post-5047","post","type-post","status-publish","format-standard","hentry","category-uncategorized"],"_links":{"self":[{"href":"https:\/\/victoria-ig.de\/index.php?rest_route=\/wp\/v2\/posts\/5047","targetHints":{"allow":["GET"]}}],"collection":[{"href":"https:\/\/victoria-ig.de\/index.php?rest_route=\/wp\/v2\/posts"}],"about":[{"href":"https:\/\/victoria-ig.de\/index.php?rest_route=\/wp\/v2\/types\/post"}],"author":[{"embeddable":true,"href":"https:\/\/victoria-ig.de\/index.php?rest_route=\/wp\/v2\/users\/1"}],"replies":[{"embeddable":true,"href":"https:\/\/victoria-ig.de\/index.php?rest_route=%2Fwp%2Fv2%2Fcomments&post=5047"}],"version-history":[{"count":0,"href":"https:\/\/victoria-ig.de\/index.php?rest_route=\/wp\/v2\/posts\/5047\/revisions"}],"wp:attachment":[{"href":"https:\/\/victoria-ig.de\/index.php?rest_route=%2Fwp%2Fv2%2Fmedia&parent=5047"}],"wp:term":[{"taxonomy":"category","embeddable":true,"href":"https:\/\/victoria-ig.de\/index.php?rest_route=%2Fwp%2Fv2%2Fcategories&post=5047"},{"taxonomy":"post_tag","embeddable":true,"href":"https:\/\/victoria-ig.de\/index.php?rest_route=%2Fwp%2Fv2%2Ftags&post=5047"}],"curies":[{"name":"wp","href":"https:\/\/api.w.org\/{rel}","templated":true}]}}