{"id":4953,"date":"2018-11-14T05:00:05","date_gmt":"2018-11-14T05:00:05","guid":{"rendered":"http:\/\/victoria-ig.de\/?p=4953"},"modified":"2018-11-13T17:19:37","modified_gmt":"2018-11-13T17:19:37","slug":"messestand-der-victoria-ig-auf-der-retro-bavaria","status":"publish","type":"post","link":"https:\/\/victoria-ig.de\/?p=4953","title":{"rendered":"Messestand der VICTORIA IG auf der RETRO BAVARIA"},"content":{"rendered":"<p>Irgendwann im Sommer bekam unser Vorsitzender Edgar K\u00f6hnke von einem Herrn von der Firma RETRO MESSEN einen Anruf mit der Frage ob die Victoria IG Interesse daran h\u00e4tte auf der Retro Bavaria in N\u00fcrnberg einen Messestand aufzubauen. Dieser Mann von der Messegesellschaft hatte die Aufgabe mit allen IGs und Clubs in Kontakt zu treten, die sich mit in N\u00fcrnberg hergestellten Zweiradmarken besch\u00e4ftigen.<\/p>\n<p><a href=\"https:\/\/victoria-ig.de\/wp-content\/uploads\/2018\/10\/plakat_retrobavaria18_banner.gif\"><img loading=\"lazy\" decoding=\"async\" class=\"aligncenter size-medium wp-image-4894\" src=\"https:\/\/victoria-ig.de\/wp-content\/uploads\/2018\/10\/plakat_retrobavaria18_banner-192x300.gif\" alt=\"\" width=\"192\" height=\"300\" \/><\/a>Ganz unerfahren in Sachen Messestand sind die M\u00e4nner von der Victoria IG nicht, Ausr\u00fcstung wie Messew\u00e4nde und Banner ist im IG-Bestand vorhanden. Wir waren schon \u00f6fter auf der Bremen Classic Motorshow, au\u00dferdem 2010 Oldtimermesse in Utrecht\/Niederlande, 2008 Klassikwelt Bodensee, 2005 Bikers World N\u00fcrnberg.<\/p>\n<p><a href=\"https:\/\/victoria-ig.de\/wp-content\/uploads\/2018\/10\/utrecht3_2010.jpg\"><img loading=\"lazy\" decoding=\"async\" class=\"aligncenter size-medium wp-image-4883\" src=\"https:\/\/victoria-ig.de\/wp-content\/uploads\/2018\/10\/utrecht3_2010-300x225.jpg\" alt=\"\" width=\"300\" height=\"225\" srcset=\"https:\/\/victoria-ig.de\/wp-content\/uploads\/2018\/10\/utrecht3_2010-300x225.jpg 300w, https:\/\/victoria-ig.de\/wp-content\/uploads\/2018\/10\/utrecht3_2010-768x576.jpg 768w, https:\/\/victoria-ig.de\/wp-content\/uploads\/2018\/10\/utrecht3_2010-1024x768.jpg 1024w\" sizes=\"auto, (max-width: 300px) 100vw, 300px\" \/><\/a>Bei der Sitzung der IG Organisatoren auf dem diesj\u00e4hrigen Jahrestreffen war die einhellige Meinung, das wir dort vertreten sein sollten. Wenn die Messe in der Stadt X oder Y w\u00e4re w\u00fcrde uns das nicht unbedingt mobilisieren, auch der Automobil Schwerpunkt ist nicht unbedingt unser Interessenschwerpunkt aber N\u00fcrnberg ist f\u00fcr uns sehr besonders.<\/p>\n<p><a href=\"https:\/\/victoria-ig.de\/wp-content\/uploads\/2018\/10\/utrecht4_2010.jpg\"><img loading=\"lazy\" decoding=\"async\" class=\"aligncenter size-medium wp-image-4884\" src=\"https:\/\/victoria-ig.de\/wp-content\/uploads\/2018\/10\/utrecht4_2010-300x225.jpg\" alt=\"\" width=\"300\" height=\"225\" srcset=\"https:\/\/victoria-ig.de\/wp-content\/uploads\/2018\/10\/utrecht4_2010-300x225.jpg 300w, https:\/\/victoria-ig.de\/wp-content\/uploads\/2018\/10\/utrecht4_2010-768x576.jpg 768w, https:\/\/victoria-ig.de\/wp-content\/uploads\/2018\/10\/utrecht4_2010-1024x768.jpg 1024w\" sizes=\"auto, (max-width: 300px) 100vw, 300px\" \/><\/a>N\u00fcrnberg ist f\u00fcr den eingefleischten Victorianer der Nabel der Zweiradwelt. Produziert wurden die Fahrzeuge vor dem Zweiten Weltkrieg dort in der Ludwig-Feuerbach-Stra\u00dfe, nach dem Krieg in der Nopitschstra\u00dfe.<\/p>\n<p>Wer also die Organisatoren und Tyreferenten mal pers\u00f6nlich kennenlernen m\u00f6chte, etwas Benzin reden, mit uns einen Kaffee trinken mochte (k\u00f6nnen wir auch) oder einfach mal Victorias anschauen m\u00f6chte<\/p>\n<p>&#8211; wir freuen uns Euch in N\u00fcrnberg zu sehen!<\/p>\n<p><a href=\"https:\/\/victoria-ig.de\/wp-content\/uploads\/2018\/10\/nuernberg_messe_vic-stand_halle4.jpg\"><img loading=\"lazy\" decoding=\"async\" class=\"aligncenter size-medium wp-image-4889\" src=\"https:\/\/victoria-ig.de\/wp-content\/uploads\/2018\/10\/nuernberg_messe_vic-stand_halle4-300x147.jpg\" alt=\"\" width=\"300\" height=\"147\" srcset=\"https:\/\/victoria-ig.de\/wp-content\/uploads\/2018\/10\/nuernberg_messe_vic-stand_halle4-300x147.jpg 300w, https:\/\/victoria-ig.de\/wp-content\/uploads\/2018\/10\/nuernberg_messe_vic-stand_halle4-768x376.jpg 768w, https:\/\/victoria-ig.de\/wp-content\/uploads\/2018\/10\/nuernberg_messe_vic-stand_halle4-1024x501.jpg 1024w\" sizes=\"auto, (max-width: 300px) 100vw, 300px\" \/><\/a><\/p>\n","protected":false},"excerpt":{"rendered":"<p>Irgendwann im Sommer bekam unser Vorsitzender Edgar K\u00f6hnke von einem Herrn von der Firma RETRO MESSEN einen Anruf mit der Frage ob die Victoria IG Interesse daran h\u00e4tte auf der Retro Bavaria in N\u00fcrnberg einen Messestand aufzubauen. Dieser Mann von der Messegesellschaft hatte die Aufgabe mit allen IGs und Clubs in Kontakt zu treten, die &hellip; <a href=\"https:\/\/victoria-ig.de\/?p=4953\" class=\"more-link\"><span class=\"screen-reader-text\">Messestand der VICTORIA IG auf der RETRO BAVARIA<\/span> weiterlesen<\/a><\/p>\n","protected":false},"author":1,"featured_media":0,"comment_status":"open","ping_status":"open","sticky":false,"template":"","format":"standard","meta":{"footnotes":""},"categories":[1],"tags":[],"class_list":["post-4953","post","type-post","status-publish","format-standard","hentry","category-uncategorized"],"_links":{"self":[{"href":"https:\/\/victoria-ig.de\/index.php?rest_route=\/wp\/v2\/posts\/4953","targetHints":{"allow":["GET"]}}],"collection":[{"href":"https:\/\/victoria-ig.de\/index.php?rest_route=\/wp\/v2\/posts"}],"about":[{"href":"https:\/\/victoria-ig.de\/index.php?rest_route=\/wp\/v2\/types\/post"}],"author":[{"embeddable":true,"href":"https:\/\/victoria-ig.de\/index.php?rest_route=\/wp\/v2\/users\/1"}],"replies":[{"embeddable":true,"href":"https:\/\/victoria-ig.de\/index.php?rest_route=%2Fwp%2Fv2%2Fcomments&post=4953"}],"version-history":[{"count":0,"href":"https:\/\/victoria-ig.de\/index.php?rest_route=\/wp\/v2\/posts\/4953\/revisions"}],"wp:attachment":[{"href":"https:\/\/victoria-ig.de\/index.php?rest_route=%2Fwp%2Fv2%2Fmedia&parent=4953"}],"wp:term":[{"taxonomy":"category","embeddable":true,"href":"https:\/\/victoria-ig.de\/index.php?rest_route=%2Fwp%2Fv2%2Fcategories&post=4953"},{"taxonomy":"post_tag","embeddable":true,"href":"https:\/\/victoria-ig.de\/index.php?rest_route=%2Fwp%2Fv2%2Ftags&post=4953"}],"curies":[{"name":"wp","href":"https:\/\/api.w.org\/{rel}","templated":true}]}}