{"id":4612,"date":"2018-09-08T18:04:37","date_gmt":"2018-09-08T18:04:37","guid":{"rendered":"http:\/\/victoria-ig.de\/?p=4612"},"modified":"2018-09-08T18:13:21","modified_gmt":"2018-09-08T18:13:21","slug":"oranje-sieht-gelb-blau-motorrad-tag-in-westzaan","status":"publish","type":"post","link":"https:\/\/victoria-ig.de\/?p=4612","title":{"rendered":"Oranje sieht gelb blau &#8211; Motorrad Tag in Westzaan"},"content":{"rendered":"<p>Unser Typreferent f\u00fcr Swing Peggy, Len Thessing schickte uns diese Bilder<\/p>\n<div class='polaroid-gallery galleryid-4612' style='width:510px;'>\n\t\t\t<a href=\"https:\/\/victoria-ig.de\/wp-content\/uploads\/2018\/09\/Westzaan_Len_Thessing-1024x768.jpeg\" title=\"Westzaan_Len_Thessing\" rel=\"polaroid_1160784259\" class=\"polaroid-gallery-item showcaption\"><span class=\"polaroid-gallery-image\" title=\"Treffen in Holland\" style=\"background-image: url(https:\/\/victoria-ig.de\/wp-content\/uploads\/2018\/09\/Westzaan_Len_Thessing-150x150.jpeg); width: 150px; height: 150px;\"><\/span><\/a>\n\t\t\t<a href=\"https:\/\/victoria-ig.de\/wp-content\/uploads\/2018\/09\/Westzaan_Len_Thessing_Harley_Davidson-1024x768.jpeg\" title=\"Westzaan_Len_Thessing_Harley_Davidson\" rel=\"polaroid_1160784259\" class=\"polaroid-gallery-item showcaption\"><span class=\"polaroid-gallery-image\" title=\"Alte Harley Davidson\" style=\"background-image: url(https:\/\/victoria-ig.de\/wp-content\/uploads\/2018\/09\/Westzaan_Len_Thessing_Harley_Davidson-150x150.jpeg); width: 150px; height: 150px;\"><\/span><\/a>\n\t\t\t<br style=\"clear: both;\" \/><\/div>\n\n<div class='polaroid-gallery galleryid-4612' style='width:510px;'>\n\t\t\t<a href=\"https:\/\/victoria-ig.de\/wp-content\/uploads\/2018\/09\/Westzaan_Len_Thessing_Boxer-768x1024.jpeg\" title=\"Westzaan_Len_Thessing_Boxer\" rel=\"polaroid_1368876195\" class=\"polaroid-gallery-item showcaption\"><span class=\"polaroid-gallery-image\" title=\"Sch\u00f6ne Motorr\u00e4der\" style=\"background-image: url(https:\/\/victoria-ig.de\/wp-content\/uploads\/2018\/09\/Westzaan_Len_Thessing_Boxer-150x150.jpeg); width: 150px; height: 150px;\"><\/span><\/a>\n\t\t\t<a href=\"https:\/\/victoria-ig.de\/wp-content\/uploads\/2018\/09\/Westzaan_Len_Thessing_250er_Honda-768x1024.jpeg\" title=\"Westzaan_Len_Thessing_Triumph\" rel=\"polaroid_1368876195\" class=\"polaroid-gallery-item showcaption\"><span class=\"polaroid-gallery-image\" title=\"Triumph\" style=\"background-image: url(https:\/\/victoria-ig.de\/wp-content\/uploads\/2018\/09\/Westzaan_Len_Thessing_250er_Honda-150x150.jpeg); width: 150px; height: 150px;\"><\/span><\/a>\n\t\t\t<br style=\"clear: both;\" \/><\/div>\n\n<p>vom Motorrad Treffen in Westzaan in der N\u00e4he von Amsterdam<\/p>\n<div class='polaroid-gallery galleryid-4612' style='width:510px;'>\n\t\t\t<a href=\"https:\/\/victoria-ig.de\/wp-content\/uploads\/2018\/09\/Westzaan_Len_Thessing_Flagge_zeigen-1024x768.jpeg\" title=\"Westzaan_Len_Thessing_Flagge_zeigen\" rel=\"polaroid_274560828\" class=\"polaroid-gallery-item showcaption\"><span class=\"polaroid-gallery-image\" title=\"Das V\" style=\"background-image: url(https:\/\/victoria-ig.de\/wp-content\/uploads\/2018\/09\/Westzaan_Len_Thessing_Flagge_zeigen-150x150.jpeg); width: 150px; height: 150px;\"><\/span><\/a>\n\t\t\t<a href=\"https:\/\/victoria-ig.de\/wp-content\/uploads\/2018\/09\/Westzaan_Len_Thessing_E-Bike-1024x768.jpeg\" title=\"Westzaan_Len_Thessing_E-Bike\" rel=\"polaroid_274560828\" class=\"polaroid-gallery-item showcaption\"><span class=\"polaroid-gallery-image\" title=\"Len verkauft E-Bikes\" style=\"background-image: url(https:\/\/victoria-ig.de\/wp-content\/uploads\/2018\/09\/Westzaan_Len_Thessing_E-Bike-150x150.jpeg); width: 150px; height: 150px;\"><\/span><\/a>\n\t\t\t<br style=\"clear: both;\" \/><\/div>\n\n<div class='polaroid-gallery galleryid-4612' style='width:510px;'>\n\t\t\t<a href=\"https:\/\/victoria-ig.de\/wp-content\/uploads\/2018\/09\/Westzaan_Len_Thessing_Bergmeister-1024x768.jpeg\" title=\"Westzaan_Len_Thessing_Bergmeister\" rel=\"polaroid_1770729935\" class=\"polaroid-gallery-item showcaption\"><span class=\"polaroid-gallery-image\" title=\"Bergmeister Speziale\" style=\"background-image: url(https:\/\/victoria-ig.de\/wp-content\/uploads\/2018\/09\/Westzaan_Len_Thessing_Bergmeister-150x150.jpeg); width: 150px; height: 150px;\"><\/span><\/a>\n\t\t\t<a href=\"https:\/\/victoria-ig.de\/wp-content\/uploads\/2018\/09\/Westzaan_Len_Thessing_Swing_Peggy-1024x768.jpeg\" title=\"Westzaan_Len_Thessing_Swing\" rel=\"polaroid_1770729935\" class=\"polaroid-gallery-item showcaption\"><span class=\"polaroid-gallery-image\" title=\"Swing\" style=\"background-image: url(https:\/\/victoria-ig.de\/wp-content\/uploads\/2018\/09\/Westzaan_Len_Thessing_Swing_Peggy-150x150.jpeg); width: 150px; height: 150px;\"><\/span><\/a>\n\t\t\t<br style=\"clear: both;\" \/><\/div>\n\n<p>Er organisierte einen Motorradtag bei sich daheim. Klar doch, dass er die Victoriafahne f\u00fcr uns hochh\u00e4lt. Wenn ihr ein E-Bike sucht oder euer Fahrrad umbauen lassen wollt, <a href=\"http:\/\/www.thesingbike.nl\/\">hier seine Seite.<\/a><\/p>\n","protected":false},"excerpt":{"rendered":"<p>Unser Typreferent f\u00fcr Swing Peggy, Len Thessing schickte uns diese Bilder vom Motorrad Treffen in Westzaan in der N\u00e4he von Amsterdam Er organisierte einen Motorradtag bei sich daheim. Klar doch, dass er die Victoriafahne f\u00fcr uns hochh\u00e4lt. Wenn ihr ein E-Bike sucht oder euer Fahrrad umbauen lassen wollt, hier seine Seite.<\/p>\n","protected":false},"author":1,"featured_media":0,"comment_status":"open","ping_status":"open","sticky":false,"template":"","format":"standard","meta":{"footnotes":""},"categories":[1],"tags":[],"class_list":["post-4612","post","type-post","status-publish","format-standard","hentry","category-uncategorized"],"_links":{"self":[{"href":"https:\/\/victoria-ig.de\/index.php?rest_route=\/wp\/v2\/posts\/4612","targetHints":{"allow":["GET"]}}],"collection":[{"href":"https:\/\/victoria-ig.de\/index.php?rest_route=\/wp\/v2\/posts"}],"about":[{"href":"https:\/\/victoria-ig.de\/index.php?rest_route=\/wp\/v2\/types\/post"}],"author":[{"embeddable":true,"href":"https:\/\/victoria-ig.de\/index.php?rest_route=\/wp\/v2\/users\/1"}],"replies":[{"embeddable":true,"href":"https:\/\/victoria-ig.de\/index.php?rest_route=%2Fwp%2Fv2%2Fcomments&post=4612"}],"version-history":[{"count":0,"href":"https:\/\/victoria-ig.de\/index.php?rest_route=\/wp\/v2\/posts\/4612\/revisions"}],"wp:attachment":[{"href":"https:\/\/victoria-ig.de\/index.php?rest_route=%2Fwp%2Fv2%2Fmedia&parent=4612"}],"wp:term":[{"taxonomy":"category","embeddable":true,"href":"https:\/\/victoria-ig.de\/index.php?rest_route=%2Fwp%2Fv2%2Fcategories&post=4612"},{"taxonomy":"post_tag","embeddable":true,"href":"https:\/\/victoria-ig.de\/index.php?rest_route=%2Fwp%2Fv2%2Ftags&post=4612"}],"curies":[{"name":"wp","href":"https:\/\/api.w.org\/{rel}","templated":true}]}}