{"id":4598,"date":"2018-09-11T05:00:53","date_gmt":"2018-09-11T05:00:53","guid":{"rendered":"http:\/\/victoria-ig.de\/?p=4598"},"modified":"2018-09-11T13:42:06","modified_gmt":"2018-09-11T13:42:06","slug":"alles-neu-macht-der-werner-vicky-ist-wieder-da","status":"publish","type":"post","link":"https:\/\/victoria-ig.de\/?p=4598","title":{"rendered":"Vicky ist wieder da &#8211; Alles neu macht der Werner"},"content":{"rendered":"<p><strong>Unsere Typreferenten<\/strong> investieren Ihre Freizeit und Ihre Liebe zu den Victoria Motorr\u00e4dern in unserer Victoria Interessen Gemeinschaft. Alle Typreferenten versuchen allen Victoriainteressierten schnell und unkompliziert zu helfen.<\/p>\n<p>Bitte habt Verst\u00e4ndnis, wenn es mal l\u00e4nger dauert bis Ihr eine Antwort bekommt. Unser neuer Typreferent f\u00fcr\u00a0Vicky III \u2013 IV, Tory, Avanti, Super Luxus und Preciosa, unser <strong>Werner Frauenknecht<\/strong> hat keinen Computer.<\/p>\n<p>Als ich unseren Edgar K\u00f6hnke (Vorsitzender der IG) darauf ansprach ob ich jetzt Faxe senden soll oder was (ich dachte zuerst das es ein Spa\u00df war), meinte er das er ja das ganze an den Werner weiterleiten kann und zuerst einmal auf Anfragen Antwortet.<a href=\"https:\/\/victoria-ig.de\/wp-content\/uploads\/2018\/09\/15360407870882.jpg\"><img loading=\"lazy\" decoding=\"async\" class=\"aligncenter size-medium wp-image-4596\" src=\"https:\/\/victoria-ig.de\/wp-content\/uploads\/2018\/09\/15360407870882-146x300.jpg\" alt=\"\" width=\"146\" height=\"300\" srcset=\"https:\/\/victoria-ig.de\/wp-content\/uploads\/2018\/09\/15360407870882-146x300.jpg 146w, https:\/\/victoria-ig.de\/wp-content\/uploads\/2018\/09\/15360407870882-768x1581.jpg 768w, https:\/\/victoria-ig.de\/wp-content\/uploads\/2018\/09\/15360407870882-497x1024.jpg 497w, https:\/\/victoria-ig.de\/wp-content\/uploads\/2018\/09\/15360407870882.jpg 777w\" sizes=\"auto, (max-width: 146px) 100vw, 146px\" \/><\/a>Da drehten sich die kleinen R\u00e4der in meinen Kopf und ich Verstand es aber immer noch nicht. Internet und kein Computer ? Geht doch nicht.<\/p>\n<p>Aber heute weiss ich, hier sind Idealisten am Werk. Hier sind Leute die Benzin im Blut haben. Jungs und M\u00e4dels die Motorrad fahren, weil es Spass macht &#8211; egal wie schnell.<\/p>\n<p>Und Victoria Liebhaber. Leute die Euch helfen. Das ist der Grund warum ich hier auch von Zeit zu Zeit die Seite aktualisiere und meine Freizeit investiere. Ich bin nicht der Schrauber und Techniker, auch nicht der gute Webmaster. Aber als ich meine Bergmeister bekommen habe und eine Frage hatte, hat jemand sofort zur\u00fcck gerufen und mich mit technischen Unterlagen versorgt, damit ich mein Baby zum laufen bekomme. Da war mir sofort klar, IG-Mitglied werden, denn soetwas muss man f\u00f6rdern.<\/p>\n<p>Und wenn ihr mal das ganze Live erleben wollt, kommt zu unseren Treffen. Da k\u00f6nnt Ihr die meisten originale Live sehen.<\/p>\n","protected":false},"excerpt":{"rendered":"<p>Unsere Typreferenten investieren Ihre Freizeit und Ihre Liebe zu den Victoria Motorr\u00e4dern in unserer Victoria Interessen Gemeinschaft. Alle Typreferenten versuchen allen Victoriainteressierten schnell und unkompliziert zu helfen. Bitte habt Verst\u00e4ndnis, wenn es mal l\u00e4nger dauert bis Ihr eine Antwort bekommt. Unser neuer Typreferent f\u00fcr\u00a0Vicky III \u2013 IV, Tory, Avanti, Super Luxus und Preciosa, unser Werner &hellip; <a href=\"https:\/\/victoria-ig.de\/?p=4598\" class=\"more-link\"><span class=\"screen-reader-text\">Vicky ist wieder da &#8211; Alles neu macht der Werner<\/span> weiterlesen<\/a><\/p>\n","protected":false},"author":1,"featured_media":0,"comment_status":"open","ping_status":"open","sticky":false,"template":"","format":"standard","meta":{"footnotes":""},"categories":[1],"tags":[],"class_list":["post-4598","post","type-post","status-publish","format-standard","hentry","category-uncategorized"],"_links":{"self":[{"href":"https:\/\/victoria-ig.de\/index.php?rest_route=\/wp\/v2\/posts\/4598","targetHints":{"allow":["GET"]}}],"collection":[{"href":"https:\/\/victoria-ig.de\/index.php?rest_route=\/wp\/v2\/posts"}],"about":[{"href":"https:\/\/victoria-ig.de\/index.php?rest_route=\/wp\/v2\/types\/post"}],"author":[{"embeddable":true,"href":"https:\/\/victoria-ig.de\/index.php?rest_route=\/wp\/v2\/users\/1"}],"replies":[{"embeddable":true,"href":"https:\/\/victoria-ig.de\/index.php?rest_route=%2Fwp%2Fv2%2Fcomments&post=4598"}],"version-history":[{"count":0,"href":"https:\/\/victoria-ig.de\/index.php?rest_route=\/wp\/v2\/posts\/4598\/revisions"}],"wp:attachment":[{"href":"https:\/\/victoria-ig.de\/index.php?rest_route=%2Fwp%2Fv2%2Fmedia&parent=4598"}],"wp:term":[{"taxonomy":"category","embeddable":true,"href":"https:\/\/victoria-ig.de\/index.php?rest_route=%2Fwp%2Fv2%2Fcategories&post=4598"},{"taxonomy":"post_tag","embeddable":true,"href":"https:\/\/victoria-ig.de\/index.php?rest_route=%2Fwp%2Fv2%2Ftags&post=4598"}],"curies":[{"name":"wp","href":"https:\/\/api.w.org\/{rel}","templated":true}]}}