{"id":4090,"date":"2018-07-30T05:20:18","date_gmt":"2018-07-30T05:20:18","guid":{"rendered":"http:\/\/victoria-ig.de\/?p=4090"},"modified":"2018-07-30T06:14:36","modified_gmt":"2018-07-30T06:14:36","slug":"victorianer-nur-noch-wenige-tage","status":"publish","type":"post","link":"https:\/\/victoria-ig.de\/?p=4090","title":{"rendered":"Victorianer &#8211; Nur noch wenige Tage"},"content":{"rendered":"<div class=\"wpcdt-shortcode-preview\"><\/div>\n<div><\/div>\n<div><strong>V<\/strong> ielleicht hat der ein oder andere<\/div>\n<div><strong>I<\/strong> n der n\u00e4chsten Woche Lust und Zeit auf einen<\/div>\n<div><strong>C<\/strong> afe in<\/div>\n<div><strong>T<\/strong> reuen\/Pfaffengr\u00fcn vorbeizukommen. Bei unseren<\/div>\n<div><strong>O<\/strong> ldtimer Treffen stehen diesmal neben Motorr\u00e4der auch viele Victoria<\/div>\n<div><strong>R<\/strong> \u00e4der. Es\u00a0 gibt viel zu sehen und zu Erleben. 30 Jahre Victoria<\/div>\n<div><strong>I<\/strong> nteressen Gemeinschaft stehen<\/div>\n<div><strong>A<\/strong> uch f\u00fcr Menschen die Victoria am Leben erhalten.<\/div>\n<div><\/div>\n<div>Gert und sein Team freuen sich Euch begr\u00fc\u00dfen zu d\u00fcrfen. Mehr Infos ? <a href=\"https:\/\/victoria-ig.de\/?page_id=1319\">Hier klicken.<\/a><\/div>\n<div><\/div>\n<div>Wir hoffen das wir weiterhin herrliches Wetter haben, deshalb hat Holger seine Victoria bereits erfolgreich auf\u00a0 manuelle Ladeluftk\u00fchlung umgebaut.<\/div>\n<div><a href=\"https:\/\/victoria-ig.de\/wp-content\/uploads\/2018\/07\/DSCF0148.jpg\"><img loading=\"lazy\" decoding=\"async\" class=\"aligncenter size-medium wp-image-4108\" src=\"https:\/\/victoria-ig.de\/wp-content\/uploads\/2018\/07\/DSCF0148-300x225.jpg\" alt=\"\" width=\"300\" height=\"225\" srcset=\"https:\/\/victoria-ig.de\/wp-content\/uploads\/2018\/07\/DSCF0148-300x225.jpg 300w, https:\/\/victoria-ig.de\/wp-content\/uploads\/2018\/07\/DSCF0148-768x576.jpg 768w, https:\/\/victoria-ig.de\/wp-content\/uploads\/2018\/07\/DSCF0148-1024x768.jpg 1024w\" sizes=\"auto, (max-width: 300px) 100vw, 300px\" \/><\/a><\/div>\n<div>Wer mehr <a href=\"https:\/\/de.wikipedia.org\/wiki\/Wassereinspritzung\">wissen will.<\/a><\/div>\n<div>Ihr seht es gibt viel zu sehen bei unseren 30.igsten Victoria-IG Treffen.<\/div>\n<div><\/div>\n<div>\n<p><iframe loading=\"lazy\" style=\"border: 0;\" src=\"https:\/\/www.google.com\/maps\/embed?pb=!1m14!1m8!1m3!1d1507.1320420291022!2d12.275726617153197!3d50.55864882843488!3m2!1i1024!2i768!4f13.1!3m3!1m2!1s0x47a0d7c5cc5743f3%3A0x6cb9c4b3d4421b38!2sPfaffengr%C3%BCn%2C+08233+Treuen!5e0!3m2!1sde!2sde!4v1531809873123\" width=\"600\" height=\"450\" frameborder=\"0\" allowfullscreen=\"allowfullscreen\"><\/iframe><\/p>\n<p>Ach ja, die Adresse f\u00fcr Euer Navi:<\/p>\n<p>Zum Sportplatz 4,\u00a008233 <span class=\"\">Hartmannsgr\u00fcn,\u00a0Pfaffengr\u00fcn<\/span><span id=\"itranking_0\"><\/span><\/p>\n\n<div class=\"wpcf7 no-js\" id=\"wpcf7-f2986-o1\" lang=\"de-DE\" dir=\"ltr\" data-wpcf7-id=\"2986\">\n<div class=\"screen-reader-response\"><p role=\"status\" aria-live=\"polite\" aria-atomic=\"true\"><\/p> <ul><\/ul><\/div>\n<form action=\"\/index.php?rest_route=%2Fwp%2Fv2%2Fposts%2F4090#wpcf7-f2986-o1\" method=\"post\" class=\"wpcf7-form init\" aria-label=\"Kontaktformular\" novalidate=\"novalidate\" data-status=\"init\">\n<fieldset class=\"hidden-fields-container\"><input type=\"hidden\" name=\"_wpcf7\" value=\"2986\" \/><input type=\"hidden\" name=\"_wpcf7_version\" value=\"6.1.5\" \/><input type=\"hidden\" name=\"_wpcf7_locale\" value=\"de_DE\" \/><input type=\"hidden\" name=\"_wpcf7_unit_tag\" value=\"wpcf7-f2986-o1\" \/><input type=\"hidden\" name=\"_wpcf7_container_post\" value=\"0\" \/><input type=\"hidden\" name=\"_wpcf7_posted_data_hash\" value=\"\" \/><input type=\"hidden\" name=\"_wpcf7_recaptcha_response\" value=\"\" \/>\n<\/fieldset>\n<p><label> Dein Name (Pflichtfeld)<br \/>\n<span class=\"wpcf7-form-control-wrap\" data-name=\"your-name\"><input size=\"40\" maxlength=\"400\" class=\"wpcf7-form-control wpcf7-text wpcf7-validates-as-required\" aria-required=\"true\" aria-invalid=\"false\" value=\"\" type=\"text\" name=\"your-name\" \/><\/span> <\/label>\n<\/p>\n<p><label> Deine E-Mail-Adresse (Pflichtfeld)<br \/>\n<span class=\"wpcf7-form-control-wrap\" data-name=\"your-email\"><input size=\"40\" maxlength=\"400\" class=\"wpcf7-form-control wpcf7-email wpcf7-validates-as-required wpcf7-text wpcf7-validates-as-email\" aria-required=\"true\" aria-invalid=\"false\" value=\"\" type=\"email\" name=\"your-email\" \/><\/span> <\/label>\n<\/p>\n<p><label> Betreff Anmeldung Jahrestreffen<br \/>\n<span class=\"wpcf7-form-control-wrap\" data-name=\"your-subject\"><input size=\"40\" maxlength=\"400\" class=\"wpcf7-form-control wpcf7-text\" aria-invalid=\"false\" value=\"\" type=\"text\" name=\"your-subject\" \/><\/span> <\/label>\n<\/p>\n<p><label> Deine Nachricht<br \/>\n<span class=\"wpcf7-form-control-wrap\" data-name=\"your-message\"><textarea cols=\"40\" rows=\"10\" maxlength=\"2000\" class=\"wpcf7-form-control wpcf7-textarea\" aria-invalid=\"false\" name=\"your-message\"><\/textarea><\/span> <\/label>\n<\/p>\n<p><span class=\"wpcf7-form-control-wrap wpgdprc\"><span class=\"wpcf7-form-control wpcf7-wpgdprc wpcf7-validates-as-required\"><span class=\"wpcf7-list-item\"><input type=\"checkbox\" name=\"wpgdprc\" value=\"1\" aria-required=\"true\" aria-invalid=\"false\" \/><span class=\"wpcf7-list-item-label\">Mit der Nutzung dieses Formulars erkl\u00e4rst du dich mit der Speicherung und Verarbeitung deiner Daten durch diese Website einverstanden.<\/span><\/span><\/span>    <\/span>\n<\/p>\n<p><input class=\"wpcf7-form-control wpcf7-submit has-spinner\" type=\"submit\" value=\"Senden\" \/>\n<\/p>\n<div class=\"wpcf7-response-output\" aria-hidden=\"true\"><\/div>\n<\/form>\n<\/div>\n\n<\/div>\n","protected":false},"excerpt":{"rendered":"<p>V ielleicht hat der ein oder andere I n der n\u00e4chsten Woche Lust und Zeit auf einen C afe in T reuen\/Pfaffengr\u00fcn vorbeizukommen. Bei unseren O ldtimer Treffen stehen diesmal neben Motorr\u00e4der auch viele Victoria R \u00e4der. Es\u00a0 gibt viel zu sehen und zu Erleben. 30 Jahre Victoria I nteressen Gemeinschaft stehen A uch f\u00fcr &hellip; <a href=\"https:\/\/victoria-ig.de\/?p=4090\" class=\"more-link\"><span class=\"screen-reader-text\">Victorianer &#8211; Nur noch wenige Tage<\/span> weiterlesen<\/a><\/p>\n","protected":false},"author":1,"featured_media":0,"comment_status":"open","ping_status":"open","sticky":false,"template":"","format":"standard","meta":{"footnotes":""},"categories":[1],"tags":[],"class_list":["post-4090","post","type-post","status-publish","format-standard","hentry","category-uncategorized"],"_links":{"self":[{"href":"https:\/\/victoria-ig.de\/index.php?rest_route=\/wp\/v2\/posts\/4090","targetHints":{"allow":["GET"]}}],"collection":[{"href":"https:\/\/victoria-ig.de\/index.php?rest_route=\/wp\/v2\/posts"}],"about":[{"href":"https:\/\/victoria-ig.de\/index.php?rest_route=\/wp\/v2\/types\/post"}],"author":[{"embeddable":true,"href":"https:\/\/victoria-ig.de\/index.php?rest_route=\/wp\/v2\/users\/1"}],"replies":[{"embeddable":true,"href":"https:\/\/victoria-ig.de\/index.php?rest_route=%2Fwp%2Fv2%2Fcomments&post=4090"}],"version-history":[{"count":0,"href":"https:\/\/victoria-ig.de\/index.php?rest_route=\/wp\/v2\/posts\/4090\/revisions"}],"wp:attachment":[{"href":"https:\/\/victoria-ig.de\/index.php?rest_route=%2Fwp%2Fv2%2Fmedia&parent=4090"}],"wp:term":[{"taxonomy":"category","embeddable":true,"href":"https:\/\/victoria-ig.de\/index.php?rest_route=%2Fwp%2Fv2%2Fcategories&post=4090"},{"taxonomy":"post_tag","embeddable":true,"href":"https:\/\/victoria-ig.de\/index.php?rest_route=%2Fwp%2Fv2%2Ftags&post=4090"}],"curies":[{"name":"wp","href":"https:\/\/api.w.org\/{rel}","templated":true}]}}