{"id":2737,"date":"2018-02-11T06:00:22","date_gmt":"2018-02-11T06:00:22","guid":{"rendered":"http:\/\/victoria-ig.de\/?p=2737"},"modified":"2018-02-03T06:11:37","modified_gmt":"2018-02-03T06:11:37","slug":"only-for-man-victoria-auf-der-isle-of-man-ix","status":"publish","type":"post","link":"https:\/\/victoria-ig.de\/?p=2737","title":{"rendered":"Only for Man \u2013 Victoria auf der Isle of Man \u2013 IX"},"content":{"rendered":"<p>Donnerstag, 1. September<\/p>\n<p>Leider schon der letzte Tag in unserem Rally-Programm. Heute ist ein sogenannter \u201esocial run\u201c angesagt.<\/p>\n<figure id=\"attachment_2745\" aria-describedby=\"caption-attachment-2745\" style=\"width: 300px\" class=\"wp-caption aligncenter\"><a href=\"https:\/\/victoria-ig.de\/wp-content\/uploads\/2018\/01\/1_isle-of-man_basislager.jpg\"><img loading=\"lazy\" decoding=\"async\" class=\"size-medium wp-image-2745\" src=\"https:\/\/victoria-ig.de\/wp-content\/uploads\/2018\/01\/1_isle-of-man_basislager-300x170.jpg\" alt=\"\" width=\"300\" height=\"170\" srcset=\"https:\/\/victoria-ig.de\/wp-content\/uploads\/2018\/01\/1_isle-of-man_basislager-300x170.jpg 300w, https:\/\/victoria-ig.de\/wp-content\/uploads\/2018\/01\/1_isle-of-man_basislager-768x435.jpg 768w, https:\/\/victoria-ig.de\/wp-content\/uploads\/2018\/01\/1_isle-of-man_basislager-1024x580.jpg 1024w\" sizes=\"auto, (max-width: 300px) 100vw, 300px\" \/><\/a><figcaption id=\"caption-attachment-2745\" class=\"wp-caption-text\">Ruhe vor dem Sturm. Konzentration vor dem Start zur letzten VMCC Fahrt.<\/figcaption><\/figure>\n<p>Darunter ist nichts Anderes zu verstehen, als dass man einen Streckenplan bekommt um von A nach B zu fahren.<\/p>\n<figure id=\"attachment_2746\" aria-describedby=\"caption-attachment-2746\" style=\"width: 225px\" class=\"wp-caption aligncenter\"><a href=\"https:\/\/victoria-ig.de\/wp-content\/uploads\/2018\/01\/2_isle-of-man_kr26-zickt.jpg\"><img loading=\"lazy\" decoding=\"async\" class=\"size-medium wp-image-2746\" src=\"https:\/\/victoria-ig.de\/wp-content\/uploads\/2018\/01\/2_isle-of-man_kr26-zickt-225x300.jpg\" alt=\"\" width=\"225\" height=\"300\" srcset=\"https:\/\/victoria-ig.de\/wp-content\/uploads\/2018\/01\/2_isle-of-man_kr26-zickt-225x300.jpg 225w, https:\/\/victoria-ig.de\/wp-content\/uploads\/2018\/01\/2_isle-of-man_kr26-zickt-768x1024.jpg 768w\" sizes=\"auto, (max-width: 225px) 100vw, 225px\" \/><\/a><figcaption id=\"caption-attachment-2746\" class=\"wp-caption-text\">Die 26er zickte morgens noch etwas rum. Kein Problem f\u00fcr Mr-Twostroke Uwe H. aus T., keine 30 min. sp\u00e4ter ging es auf die Strecke.<\/figcaption><\/figure>\n<p>In unserem Fall fahren wir ca. 30 km nach Port Eirin in den S\u00fcdwesten der Insel, Treffpunkt ist an der Uferpromenade. Die sehr herzliche Mrs. Jackson vom VMCC section IOM erwartet dort alle Teilnehmer, es gibt als Pr\u00e4sent einen Schl\u00fcsselanh\u00e4nger und den obligatorischen Streckenplan.<\/p>\n<figure id=\"attachment_2747\" aria-describedby=\"caption-attachment-2747\" style=\"width: 300px\" class=\"wp-caption aligncenter\"><a href=\"https:\/\/victoria-ig.de\/wp-content\/uploads\/2018\/01\/3_vmcc_miss-jackson.jpg\"><img loading=\"lazy\" decoding=\"async\" class=\"size-medium wp-image-2747\" src=\"https:\/\/victoria-ig.de\/wp-content\/uploads\/2018\/01\/3_vmcc_miss-jackson-300x200.jpg\" alt=\"\" width=\"300\" height=\"200\" srcset=\"https:\/\/victoria-ig.de\/wp-content\/uploads\/2018\/01\/3_vmcc_miss-jackson-300x200.jpg 300w, https:\/\/victoria-ig.de\/wp-content\/uploads\/2018\/01\/3_vmcc_miss-jackson-768x512.jpg 768w, https:\/\/victoria-ig.de\/wp-content\/uploads\/2018\/01\/3_vmcc_miss-jackson-1024x683.jpg 1024w\" sizes=\"auto, (max-width: 300px) 100vw, 300px\" \/><\/a><figcaption id=\"caption-attachment-2747\" class=\"wp-caption-text\">Pitstop mit der Seele der VMCC Rallye Mrs. Jackson.<\/figcaption><\/figure>\n<p>Ziel der Tagestour ist der Mooragh Park in Ramsey im Nordosten, das sind etwa 55 km, also sehr \u00fcberschaubar. Gewertet wird die eigentliche Fahrt nicht, es geht nur um den Spa\u00df mit anderen zusammen die Strecke zu fahren.<\/p>\n<figure id=\"attachment_2748\" aria-describedby=\"caption-attachment-2748\" style=\"width: 300px\" class=\"wp-caption aligncenter\"><a href=\"https:\/\/victoria-ig.de\/wp-content\/uploads\/2018\/01\/4_vmcc-rallye_port-eirin.jpg\"><img loading=\"lazy\" decoding=\"async\" class=\"size-medium wp-image-2748\" src=\"https:\/\/victoria-ig.de\/wp-content\/uploads\/2018\/01\/4_vmcc-rallye_port-eirin-300x200.jpg\" alt=\"\" width=\"300\" height=\"200\" srcset=\"https:\/\/victoria-ig.de\/wp-content\/uploads\/2018\/01\/4_vmcc-rallye_port-eirin-300x200.jpg 300w, https:\/\/victoria-ig.de\/wp-content\/uploads\/2018\/01\/4_vmcc-rallye_port-eirin-768x512.jpg 768w, https:\/\/victoria-ig.de\/wp-content\/uploads\/2018\/01\/4_vmcc-rallye_port-eirin-1024x683.jpg 1024w\" sizes=\"auto, (max-width: 300px) 100vw, 300px\" \/><\/a><figcaption id=\"caption-attachment-2748\" class=\"wp-caption-text\">Entspannte Jungs am Hafen von Port Eirin im S\u00fcden der Isle of Man.<\/figcaption><\/figure>\n<p>Da wir mit unseren zehn Motorr\u00e4dern und Fahrern genug damit besch\u00e4ftigt sind unsere Truppe zusammen zu halten, kommt der Kontakt unterwegs mit anderen Fahrern etwas zu kurz \u2013 schade. In Ramsey angekommen stellen wir die Motorr\u00e4der auf der Rasenfl\u00e4che sch\u00f6n in Reih und Glied ab, wie das hier so \u00fcblich ist.<\/p>\n<figure id=\"attachment_2749\" aria-describedby=\"caption-attachment-2749\" style=\"width: 225px\" class=\"wp-caption aligncenter\"><a href=\"https:\/\/victoria-ig.de\/wp-content\/uploads\/2018\/01\/5_jo\u0308rn_eis-schlecken.jpg\"><img loading=\"lazy\" decoding=\"async\" class=\"size-medium wp-image-2749\" src=\"https:\/\/victoria-ig.de\/wp-content\/uploads\/2018\/01\/5_jo\u0308rn_eis-schlecken-225x300.jpg\" alt=\"\" width=\"225\" height=\"300\" srcset=\"https:\/\/victoria-ig.de\/wp-content\/uploads\/2018\/01\/5_jo\u0308rn_eis-schlecken-225x300.jpg 225w, https:\/\/victoria-ig.de\/wp-content\/uploads\/2018\/01\/5_jo\u0308rn_eis-schlecken-768x1024.jpg 768w, https:\/\/victoria-ig.de\/wp-content\/uploads\/2018\/01\/5_jo\u0308rn_eis-schlecken.jpg 960w\" sizes=\"auto, (max-width: 225px) 100vw, 225px\" \/><\/a><figcaption id=\"caption-attachment-2749\" class=\"wp-caption-text\">Sonnenschein pur \u2013 und Eisschlecken inklusive.<\/figcaption><\/figure>\n<p>Nicht nur an der Bushaltestelle stehen die Engl\u00e4nder ordentlich in der Reihe, \u201estanding in the queue\u201d ist hier angesagt. Dann gibt es ein \u201edoggy bag\u201c, eine T\u00fcte mit zwei Sandwiches, Apfel, Wasserflasche,\u00a0 Knusperriegel damit man von der Ersch\u00f6pfung der Fahrt wieder zu Kr\u00e4ften kommt.<\/p>\n<figure id=\"attachment_2750\" aria-describedby=\"caption-attachment-2750\" style=\"width: 300px\" class=\"wp-caption aligncenter\"><a href=\"https:\/\/victoria-ig.de\/wp-content\/uploads\/2018\/01\/6_vmcc-rallye_ramsey.jpg\"><img loading=\"lazy\" decoding=\"async\" class=\"size-medium wp-image-2750\" src=\"https:\/\/victoria-ig.de\/wp-content\/uploads\/2018\/01\/6_vmcc-rallye_ramsey-300x225.jpg\" alt=\"\" width=\"300\" height=\"225\" srcset=\"https:\/\/victoria-ig.de\/wp-content\/uploads\/2018\/01\/6_vmcc-rallye_ramsey-300x225.jpg 300w, https:\/\/victoria-ig.de\/wp-content\/uploads\/2018\/01\/6_vmcc-rallye_ramsey-768x576.jpg 768w, https:\/\/victoria-ig.de\/wp-content\/uploads\/2018\/01\/6_vmcc-rallye_ramsey-1024x768.jpg 1024w\" sizes=\"auto, (max-width: 300px) 100vw, 300px\" \/><\/a><figcaption id=\"caption-attachment-2750\" class=\"wp-caption-text\">Angekommen in Ramsey. Zur Rallye geh\u00f6rte auch ein Lunchpaket f\u00fcr die Teilnehmer \u2013 perfekt organisiert, es wurde an alles gedacht.<\/figcaption><\/figure>\n<p>Die Motorr\u00e4der werden von einer Kommission bewertet und daf\u00fcr in folgende Klassen eingeteilt: Vintage (vor 1930), Postvintage (vor Weltkrieg II), Classic (nach Weltkrieg II), Modern, Custom, Competition.<\/p>\n<p>Entlang der Strandpromenade nebenan, auf einem kerzengeraden Stra\u00dfenabschnitt, wird ein Beschleunigungsrennen veranstaltet \u00fcber eine Viertelmeile (400 m).<\/p>\n<figure id=\"attachment_2751\" aria-describedby=\"caption-attachment-2751\" style=\"width: 300px\" class=\"wp-caption aligncenter\"><a href=\"https:\/\/victoria-ig.de\/wp-content\/uploads\/2018\/01\/7_isle-of-man_sprint_ramsey.jpg\"><img loading=\"lazy\" decoding=\"async\" class=\"size-medium wp-image-2751\" src=\"https:\/\/victoria-ig.de\/wp-content\/uploads\/2018\/01\/7_isle-of-man_sprint_ramsey-300x225.jpg\" alt=\"\" width=\"300\" height=\"225\" srcset=\"https:\/\/victoria-ig.de\/wp-content\/uploads\/2018\/01\/7_isle-of-man_sprint_ramsey-300x225.jpg 300w, https:\/\/victoria-ig.de\/wp-content\/uploads\/2018\/01\/7_isle-of-man_sprint_ramsey-768x576.jpg 768w, https:\/\/victoria-ig.de\/wp-content\/uploads\/2018\/01\/7_isle-of-man_sprint_ramsey-1024x768.jpg 1024w\" sizes=\"auto, (max-width: 300px) 100vw, 300px\" \/><\/a><figcaption id=\"caption-attachment-2751\" class=\"wp-caption-text\">Wer sich in einem Sprint-Rennen auf die Viertelmeile versuchen wollte &#8211; kein Problem &#8211; einfach anmelden und los gehts.<\/figcaption><\/figure>\n<p>Hier ist alles vertreten vom PS-Boliden bis zur AJS-Big-Port von 1930. Dem munteren Treiben wird Einhalt geboten als es langsam aber sicher anf\u00e4ngt zu regnen und das sehr beharrlich. Am letzten Tag an dem wir unterwegs sind, bekommen wir noch einmal die Regendusche zu sp\u00fcren ohne die uns ja etwas gefehlt h\u00e4tte, geh\u00f6rt ja auch irgendwie dazu.<\/p>\n<figure id=\"attachment_2752\" aria-describedby=\"caption-attachment-2752\" style=\"width: 200px\" class=\"wp-caption aligncenter\"><a href=\"https:\/\/victoria-ig.de\/wp-content\/uploads\/2018\/01\/8_sprint-ramsey_ajs.jpg\"><img loading=\"lazy\" decoding=\"async\" class=\"size-medium wp-image-2752\" src=\"https:\/\/victoria-ig.de\/wp-content\/uploads\/2018\/01\/8_sprint-ramsey_ajs-200x300.jpg\" alt=\"\" width=\"200\" height=\"300\" srcset=\"https:\/\/victoria-ig.de\/wp-content\/uploads\/2018\/01\/8_sprint-ramsey_ajs-200x300.jpg 200w, https:\/\/victoria-ig.de\/wp-content\/uploads\/2018\/01\/8_sprint-ramsey_ajs-768x1152.jpg 768w, https:\/\/victoria-ig.de\/wp-content\/uploads\/2018\/01\/8_sprint-ramsey_ajs-683x1024.jpg 683w\" sizes=\"auto, (max-width: 200px) 100vw, 200px\" \/><\/a><figcaption id=\"caption-attachment-2752\" class=\"wp-caption-text\">Die ersten Regentropfen seid wir die Insel \u201eerfahren\u201c haben, am letzten Tag.<\/figcaption><\/figure>\n<p>Der urspr\u00fcngliche Plan war, eine letzte Runde auf dem \u201eMountain Circuit\u201c zu fahren, der damit ins Wasser f\u00e4llt. Bei dieser Wetterlage am Berg Snaefell (621 m) vorbei zu fahren, ist kein Spa\u00df, da oben kann Nebel sein, Sturm und andere ungem\u00fctliche Gegebenheiten. Nicht umsonst gibt es dort oben einen Streckenabschnitt der \u201eWindy Corner\u201c genannt wird. Das lassen wir also und fahren sch\u00f6n brav die K\u00fcstenstra\u00dfe entlang zur\u00fcck nach Peel.<\/p>\n<figure id=\"attachment_2753\" aria-describedby=\"caption-attachment-2753\" style=\"width: 300px\" class=\"wp-caption aligncenter\"><a href=\"https:\/\/victoria-ig.de\/wp-content\/uploads\/2018\/01\/9_isle-of-man_guiness_motorradhelm.jpg\"><img loading=\"lazy\" decoding=\"async\" class=\"size-medium wp-image-2753\" src=\"https:\/\/victoria-ig.de\/wp-content\/uploads\/2018\/01\/9_isle-of-man_guiness_motorradhelm-300x200.jpg\" alt=\"\" width=\"300\" height=\"200\" srcset=\"https:\/\/victoria-ig.de\/wp-content\/uploads\/2018\/01\/9_isle-of-man_guiness_motorradhelm-300x200.jpg 300w, https:\/\/victoria-ig.de\/wp-content\/uploads\/2018\/01\/9_isle-of-man_guiness_motorradhelm-768x512.jpg 768w, https:\/\/victoria-ig.de\/wp-content\/uploads\/2018\/01\/9_isle-of-man_guiness_motorradhelm-1024x683.jpg 1024w\" sizes=\"auto, (max-width: 300px) 100vw, 300px\" \/><\/a><figcaption id=\"caption-attachment-2753\" class=\"wp-caption-text\">Klassisches Stilleben. Aaaaaber: Don`t drink and drive!<\/figcaption><\/figure>\n<p>Auf der Farm angekommen beginnen wir schon mal die Busse zu laden. Morgen Nachmittag geht die F\u00e4hre nach Liverpool und das soll nach M\u00f6glichkeit entspannter ablaufen als bei\u00a0 der Hinreise.<\/p>\n<figure id=\"attachment_2754\" aria-describedby=\"caption-attachment-2754\" style=\"width: 300px\" class=\"wp-caption aligncenter\"><a href=\"https:\/\/victoria-ig.de\/wp-content\/uploads\/2018\/01\/10_isle-of-man_creekinn_teamfoto2016.jpg\"><img loading=\"lazy\" decoding=\"async\" class=\"size-medium wp-image-2754\" src=\"https:\/\/victoria-ig.de\/wp-content\/uploads\/2018\/01\/10_isle-of-man_creekinn_teamfoto2016-300x146.jpg\" alt=\"\" width=\"300\" height=\"146\" srcset=\"https:\/\/victoria-ig.de\/wp-content\/uploads\/2018\/01\/10_isle-of-man_creekinn_teamfoto2016-300x146.jpg 300w, https:\/\/victoria-ig.de\/wp-content\/uploads\/2018\/01\/10_isle-of-man_creekinn_teamfoto2016-768x373.jpg 768w, https:\/\/victoria-ig.de\/wp-content\/uploads\/2018\/01\/10_isle-of-man_creekinn_teamfoto2016-1024x498.jpg 1024w, https:\/\/victoria-ig.de\/wp-content\/uploads\/2018\/01\/10_isle-of-man_creekinn_teamfoto2016.jpg 1407w\" sizes=\"auto, (max-width: 300px) 100vw, 300px\" \/><\/a><figcaption id=\"caption-attachment-2754\" class=\"wp-caption-text\">Unser bevorzugter Pub: Letztes Gruppenfoto vor dem Creek Inn in Peel.<\/figcaption><\/figure>\n<p>Wir laden die Motorr\u00e4der in die Busse und das ganze Material, au\u00dfer dem kleinen \u00dcbernachtungsgep\u00e4ck. Ein Bus bleibt allerdings noch unbeladen, das soll morgen fr\u00fch erledigt werden. Warum wohl?<\/p>\n<figure id=\"attachment_2756\" aria-describedby=\"caption-attachment-2756\" style=\"width: 300px\" class=\"wp-caption aligncenter\"><a href=\"https:\/\/victoria-ig.de\/wp-content\/uploads\/2018\/01\/12_isle-of-man_creek-inn_bar.jpg\"><img loading=\"lazy\" decoding=\"async\" class=\"size-medium wp-image-2756\" src=\"https:\/\/victoria-ig.de\/wp-content\/uploads\/2018\/01\/12_isle-of-man_creek-inn_bar-300x285.jpg\" alt=\"\" width=\"300\" height=\"285\" srcset=\"https:\/\/victoria-ig.de\/wp-content\/uploads\/2018\/01\/12_isle-of-man_creek-inn_bar-300x285.jpg 300w, https:\/\/victoria-ig.de\/wp-content\/uploads\/2018\/01\/12_isle-of-man_creek-inn_bar-768x731.jpg 768w, https:\/\/victoria-ig.de\/wp-content\/uploads\/2018\/01\/12_isle-of-man_creek-inn_bar-1024x974.jpg 1024w\" sizes=\"auto, (max-width: 300px) 100vw, 300px\" \/><\/a><figcaption id=\"caption-attachment-2756\" class=\"wp-caption-text\">Am letzten Abend geben wir nochmal alles.<\/figcaption><\/figure>\n<p>Der letzte Abend im \u201eCreek Inn\u201c muss noch geb\u00fchrend zelebriert\u00a0 und das letzte Isle of Man-Geld muss hemmungslos verschleudert werden.<\/p>\n<figure id=\"attachment_2755\" aria-describedby=\"caption-attachment-2755\" style=\"width: 300px\" class=\"wp-caption aligncenter\"><a href=\"https:\/\/victoria-ig.de\/wp-content\/uploads\/2018\/01\/11_isle-of-man_panorama-peel.jpg\"><img loading=\"lazy\" decoding=\"async\" class=\"size-medium wp-image-2755\" src=\"https:\/\/victoria-ig.de\/wp-content\/uploads\/2018\/01\/11_isle-of-man_panorama-peel-300x77.jpg\" alt=\"\" width=\"300\" height=\"77\" srcset=\"https:\/\/victoria-ig.de\/wp-content\/uploads\/2018\/01\/11_isle-of-man_panorama-peel-300x77.jpg 300w, https:\/\/victoria-ig.de\/wp-content\/uploads\/2018\/01\/11_isle-of-man_panorama-peel-768x198.jpg 768w, https:\/\/victoria-ig.de\/wp-content\/uploads\/2018\/01\/11_isle-of-man_panorama-peel-1024x263.jpg 1024w, https:\/\/victoria-ig.de\/wp-content\/uploads\/2018\/01\/11_isle-of-man_panorama-peel.jpg 1337w\" sizes=\"auto, (max-width: 300px) 100vw, 300px\" \/><\/a><figcaption id=\"caption-attachment-2755\" class=\"wp-caption-text\">Gr\u00fcnes Inselpanaorama mit Blick \u00fcber Peel.<\/figcaption><\/figure>\n","protected":false},"excerpt":{"rendered":"<p>Donnerstag, 1. September Leider schon der letzte Tag in unserem Rally-Programm. Heute ist ein sogenannter \u201esocial run\u201c angesagt. Darunter ist nichts Anderes zu verstehen, als dass man einen Streckenplan bekommt um von A nach B zu fahren. In unserem Fall fahren wir ca. 30 km nach Port Eirin in den S\u00fcdwesten der Insel, Treffpunkt ist &hellip; <a href=\"https:\/\/victoria-ig.de\/?p=2737\" class=\"more-link\"><span class=\"screen-reader-text\">Only for Man \u2013 Victoria auf der Isle of Man \u2013 IX<\/span> weiterlesen<\/a><\/p>\n","protected":false},"author":1,"featured_media":0,"comment_status":"open","ping_status":"open","sticky":false,"template":"","format":"standard","meta":{"footnotes":""},"categories":[1],"tags":[],"class_list":["post-2737","post","type-post","status-publish","format-standard","hentry","category-uncategorized"],"_links":{"self":[{"href":"https:\/\/victoria-ig.de\/index.php?rest_route=\/wp\/v2\/posts\/2737","targetHints":{"allow":["GET"]}}],"collection":[{"href":"https:\/\/victoria-ig.de\/index.php?rest_route=\/wp\/v2\/posts"}],"about":[{"href":"https:\/\/victoria-ig.de\/index.php?rest_route=\/wp\/v2\/types\/post"}],"author":[{"embeddable":true,"href":"https:\/\/victoria-ig.de\/index.php?rest_route=\/wp\/v2\/users\/1"}],"replies":[{"embeddable":true,"href":"https:\/\/victoria-ig.de\/index.php?rest_route=%2Fwp%2Fv2%2Fcomments&post=2737"}],"version-history":[{"count":0,"href":"https:\/\/victoria-ig.de\/index.php?rest_route=\/wp\/v2\/posts\/2737\/revisions"}],"wp:attachment":[{"href":"https:\/\/victoria-ig.de\/index.php?rest_route=%2Fwp%2Fv2%2Fmedia&parent=2737"}],"wp:term":[{"taxonomy":"category","embeddable":true,"href":"https:\/\/victoria-ig.de\/index.php?rest_route=%2Fwp%2Fv2%2Fcategories&post=2737"},{"taxonomy":"post_tag","embeddable":true,"href":"https:\/\/victoria-ig.de\/index.php?rest_route=%2Fwp%2Fv2%2Ftags&post=2737"}],"curies":[{"name":"wp","href":"https:\/\/api.w.org\/{rel}","templated":true}]}}