{"id":214017,"date":"2025-02-04T05:32:22","date_gmt":"2025-02-04T05:32:22","guid":{"rendered":"https:\/\/victoria-ig.de\/?p=214017"},"modified":"2025-03-18T06:57:27","modified_gmt":"2025-03-18T06:57:27","slug":"victoria-unterwegs-3","status":"publish","type":"post","link":"https:\/\/victoria-ig.de\/?p=214017","title":{"rendered":"Victoria Unterwegs"},"content":{"rendered":"<p>Auf dieser Seite k\u00f6nnt ihr uns Victoria-Bilder hinterlassen.<\/p>\n<p>Thomas Heyl hat uns folgende beiden Bilder geschickt:<\/p>\n<p>Lugano Hotel Victoria (vom Motorrad aus Fotografiert)<\/p>\n<p><a href=\"https:\/\/victoria-ig.de\/wp-content\/uploads\/2018\/01\/hotel-victoria-lugano-2016-08-04-4331.jpg\" target=\"_blank\" rel=\"noopener noreferrer\"><img loading=\"lazy\" decoding=\"async\" class=\"aligncenter wp-image-2413 size-medium\" src=\"https:\/\/victoria-ig.de\/wp-content\/uploads\/2018\/01\/hotel-victoria-lugano-2016-08-04-4331-225x300.jpg\" alt=\"\" width=\"225\" height=\"300\" srcset=\"https:\/\/victoria-ig.de\/wp-content\/uploads\/2018\/01\/hotel-victoria-lugano-2016-08-04-4331-225x300.jpg 225w, https:\/\/victoria-ig.de\/wp-content\/uploads\/2018\/01\/hotel-victoria-lugano-2016-08-04-4331.jpg 480w\" sizes=\"auto, (max-width: 225px) 100vw, 225px\" \/><\/a><\/p>\n<hr \/>\n<p>Und beim 2015er Treffen in Miehlen hat er eine Flasche Mineralwasser gefunden.<img loading=\"lazy\" decoding=\"async\" class=\"aligncenter wp-image-2414 size-medium\" src=\"https:\/\/victoria-ig.de\/wp-content\/uploads\/2018\/01\/2015-08-01-4934-225x300.jpg\" alt=\"\" width=\"225\" height=\"300\" srcset=\"https:\/\/victoria-ig.de\/wp-content\/uploads\/2018\/01\/2015-08-01-4934-225x300.jpg 225w, https:\/\/victoria-ig.de\/wp-content\/uploads\/2018\/01\/2015-08-01-4934.jpg 480w\" sizes=\"auto, (max-width: 225px) 100vw, 225px\" \/><\/p>\n<hr \/>\n<p>Da lobt man sich aber auch gleich das Hopfen Bier dazu. Gesehen von Matze. <img loading=\"lazy\" decoding=\"async\" class=\"aligncenter wp-image-2415 size-medium\" src=\"https:\/\/victoria-ig.de\/wp-content\/uploads\/2018\/01\/WhatsApp-Image-2018-01-01-at-01.44.39-225x300.jpeg\" alt=\"\" width=\"225\" height=\"300\" srcset=\"https:\/\/victoria-ig.de\/wp-content\/uploads\/2018\/01\/WhatsApp-Image-2018-01-01-at-01.44.39-225x300.jpeg 225w, https:\/\/victoria-ig.de\/wp-content\/uploads\/2018\/01\/WhatsApp-Image-2018-01-01-at-01.44.39-768x1024.jpeg 768w, https:\/\/victoria-ig.de\/wp-content\/uploads\/2018\/01\/WhatsApp-Image-2018-01-01-at-01.44.39.jpeg 960w\" sizes=\"auto, (max-width: 225px) 100vw, 225px\" \/>Das Victoria Bier kommt aus Mexiko<\/p>\n<hr \/>\n<p>Unser IG Kollege J\u00fcrgen meint zum alten Kalender:<\/p>\n<p><a href=\"https:\/\/victoria-ig.de\/wp-content\/uploads\/2018\/01\/Victoria_kalender.jpg\" target=\"_blank\" rel=\"noopener noreferrer\"><img loading=\"lazy\" decoding=\"async\" class=\"aligncenter wp-image-2418 size-medium\" src=\"https:\/\/victoria-ig.de\/wp-content\/uploads\/2018\/01\/Victoria_kalender-300x225.jpg\" alt=\"\" width=\"300\" height=\"225\" srcset=\"https:\/\/victoria-ig.de\/wp-content\/uploads\/2018\/01\/Victoria_kalender-300x225.jpg 300w, https:\/\/victoria-ig.de\/wp-content\/uploads\/2018\/01\/Victoria_kalender.jpg 640w\" sizes=\"auto, (max-width: 300px) 100vw, 300px\" \/><\/a>F\u00fcr alle die noch nicht wissen, was sie mit dem alten Victoria Kalender anstellen soll, h\u00e4tte ich hier einen Bastelvorschlag.<\/p>\n<p><!--more--><\/p>\n<hr \/>\n<p>Edgar\u00a0 K\u00f6hnke hat in Berlin folgendes Endeckt<\/p>\n<p><a href=\"https:\/\/victoria-ig.de\/wp-content\/uploads\/2018\/01\/IMG_4615.jpg\" target=\"_blank\" rel=\"noopener noreferrer\"><img loading=\"lazy\" decoding=\"async\" class=\"aligncenter wp-image-2420 size-medium\" src=\"https:\/\/victoria-ig.de\/wp-content\/uploads\/2018\/01\/IMG_4615-300x225.jpg\" alt=\"\" width=\"300\" height=\"225\" srcset=\"https:\/\/victoria-ig.de\/wp-content\/uploads\/2018\/01\/IMG_4615-300x225.jpg 300w, https:\/\/victoria-ig.de\/wp-content\/uploads\/2018\/01\/IMG_4615-768x576.jpg 768w, https:\/\/victoria-ig.de\/wp-content\/uploads\/2018\/01\/IMG_4615-1024x768.jpg 1024w, https:\/\/victoria-ig.de\/wp-content\/uploads\/2018\/01\/IMG_4615.jpg 2016w\" sizes=\"auto, (max-width: 300px) 100vw, 300px\" \/><\/a>Die Victoriabr\u00fccke von 1900<\/p>\n<hr \/>\n<p>Von Manni noch das Radflickzeug Victoria Vulcoflix<\/p>\n<p><a href=\"https:\/\/victoria-ig.de\/wp-content\/uploads\/2018\/01\/Vulcoflex.jpg\" target=\"_blank\" rel=\"noopener noreferrer\"><img loading=\"lazy\" decoding=\"async\" class=\"aligncenter wp-image-2440 size-medium\" src=\"https:\/\/victoria-ig.de\/wp-content\/uploads\/2018\/01\/Vulcoflex-300x195.jpg\" alt=\"\" width=\"300\" height=\"195\" srcset=\"https:\/\/victoria-ig.de\/wp-content\/uploads\/2018\/01\/Vulcoflex-300x195.jpg 300w, https:\/\/victoria-ig.de\/wp-content\/uploads\/2018\/01\/Vulcoflex-768x498.jpg 768w, https:\/\/victoria-ig.de\/wp-content\/uploads\/2018\/01\/Vulcoflex.jpg 940w\" sizes=\"auto, (max-width: 300px) 100vw, 300px\" \/><\/a><\/p>\n<hr \/>\n<p>Nat\u00fcrlich darf das Victoria Hotel in N\u00fcrnberg nicht fehlen. Von der K\u00f6nigstra\u00dfe aus Fotografiert.<a href=\"https:\/\/victoria-ig.de\/wp-content\/uploads\/2018\/01\/20180124_100241-e1516794554958.jpg\" target=\"_blank\" rel=\"noopener noreferrer\"><img loading=\"lazy\" decoding=\"async\" class=\"aligncenter wp-image-2673 size-medium\" src=\"https:\/\/victoria-ig.de\/wp-content\/uploads\/2018\/01\/20180124_100241-e1516794554958-225x300.jpg\" alt=\"\" width=\"225\" height=\"300\" srcset=\"https:\/\/victoria-ig.de\/wp-content\/uploads\/2018\/01\/20180124_100241-e1516794554958-225x300.jpg 225w, https:\/\/victoria-ig.de\/wp-content\/uploads\/2018\/01\/20180124_100241-e1516794554958-768x1024.jpg 768w\" sizes=\"auto, (max-width: 225px) 100vw, 225px\" \/><\/a>Und die R\u00fcckseite, aufgenommen vom Neuen Museum &#8211; Staatliches Museum f\u00fcr Kunst und Design in N\u00fcrnberg.<a href=\"https:\/\/victoria-ig.de\/wp-content\/uploads\/2018\/01\/20180124_100118.jpg\" target=\"_blank\" rel=\"noopener noreferrer\"><img loading=\"lazy\" decoding=\"async\" class=\"aligncenter wp-image-2674 size-medium\" src=\"https:\/\/victoria-ig.de\/wp-content\/uploads\/2018\/01\/20180124_100118-300x225.jpg\" alt=\"\" width=\"300\" height=\"225\" srcset=\"https:\/\/victoria-ig.de\/wp-content\/uploads\/2018\/01\/20180124_100118-300x225.jpg 300w, https:\/\/victoria-ig.de\/wp-content\/uploads\/2018\/01\/20180124_100118-768x576.jpg 768w, https:\/\/victoria-ig.de\/wp-content\/uploads\/2018\/01\/20180124_100118-1024x768.jpg 1024w\" sizes=\"auto, (max-width: 300px) 100vw, 300px\" \/><\/a><\/p>\n<hr \/>\n<p>Unsere Isle of Man Expedition kann auch ein Bild zusteuern<a href=\"https:\/\/victoria-ig.de\/wp-content\/uploads\/2018\/01\/10_isle-of-man_victoria-road.jpg\" target=\"_blank\" rel=\"noopener noreferrer\"><img loading=\"lazy\" decoding=\"async\" class=\"aligncenter wp-image-2695 size-medium\" src=\"https:\/\/victoria-ig.de\/wp-content\/uploads\/2018\/01\/10_isle-of-man_victoria-road-300x183.jpg\" alt=\"\" width=\"300\" height=\"183\" srcset=\"https:\/\/victoria-ig.de\/wp-content\/uploads\/2018\/01\/10_isle-of-man_victoria-road-300x183.jpg 300w, https:\/\/victoria-ig.de\/wp-content\/uploads\/2018\/01\/10_isle-of-man_victoria-road-768x469.jpg 768w, https:\/\/victoria-ig.de\/wp-content\/uploads\/2018\/01\/10_isle-of-man_victoria-road-1024x625.jpg 1024w, https:\/\/victoria-ig.de\/wp-content\/uploads\/2018\/01\/10_isle-of-man_victoria-road-310x190.jpg 310w\" sizes=\"auto, (max-width: 300px) 100vw, 300px\" \/><\/a><\/p>\n<hr \/>\n<p>Matze hat es gesehen &#8211; Zell am See<a href=\"https:\/\/victoria-ig.de\/wp-content\/uploads\/2018\/02\/WhatsApp-Image-2018-02-19-at-15.18.19.jpeg\" target=\"_blank\" rel=\"noopener noreferrer\"><img loading=\"lazy\" decoding=\"async\" class=\"aligncenter wp-image-2945 size-medium\" src=\"https:\/\/victoria-ig.de\/wp-content\/uploads\/2018\/02\/WhatsApp-Image-2018-02-19-at-15.18.19-300x169.jpeg\" alt=\"\" width=\"300\" height=\"169\" srcset=\"https:\/\/victoria-ig.de\/wp-content\/uploads\/2018\/02\/WhatsApp-Image-2018-02-19-at-15.18.19-300x169.jpeg 300w, https:\/\/victoria-ig.de\/wp-content\/uploads\/2018\/02\/WhatsApp-Image-2018-02-19-at-15.18.19-768x432.jpeg 768w, https:\/\/victoria-ig.de\/wp-content\/uploads\/2018\/02\/WhatsApp-Image-2018-02-19-at-15.18.19-1024x576.jpeg 1024w, https:\/\/victoria-ig.de\/wp-content\/uploads\/2018\/02\/WhatsApp-Image-2018-02-19-at-15.18.19.jpeg 1280w\" sizes=\"auto, (max-width: 300px) 100vw, 300px\" \/><\/a><\/p>\n<hr \/>\n<p>Und wer kennt diesen Bart ? Hier der original Text dazu:<\/p>\n<p>Ich rasier mich (mehr oder weniger) seit Jahrzehnten mit einem Rasierpinsel von Victoria. Absichtlich. An meine Haut lass ich nur Wasser und Victoria&#8230;..Und Wasser und Victoria bilden ja schon seit Jahrzehnten eine unzertrennliche Synphonie&#8230;.Also.<\/p>\n<p>Wer V sagt wie Victoria, der mu\u00df auch W sagen wie Wasser&#8230;.<\/p>\n<p>Ein Tip: Freytag ist &#8230;<\/p>\n<p><a href=\"https:\/\/victoria-ig.de\/wp-content\/uploads\/2018\/03\/Victoria-Reine-Borste.jpg\" target=\"_blank\" rel=\"noopener noreferrer\"><img loading=\"lazy\" decoding=\"async\" class=\"aligncenter wp-image-3035 size-medium\" src=\"https:\/\/victoria-ig.de\/wp-content\/uploads\/2018\/03\/Victoria-Reine-Borste-292x300.jpg\" alt=\"\" width=\"292\" height=\"300\" srcset=\"https:\/\/victoria-ig.de\/wp-content\/uploads\/2018\/03\/Victoria-Reine-Borste-292x300.jpg 292w, https:\/\/victoria-ig.de\/wp-content\/uploads\/2018\/03\/Victoria-Reine-Borste.jpg 748w\" sizes=\"auto, (max-width: 292px) 100vw, 292px\" \/><\/a><\/p>\n<hr \/>\n<p>Und was steht bei Edgar sch\u00f6nes daheim rum ?<a href=\"https:\/\/victoria-ig.de\/wp-content\/uploads\/2018\/03\/20180317_092843-e1521641202617.jpg\" target=\"_blank\" rel=\"noopener noreferrer\"><img loading=\"lazy\" decoding=\"async\" class=\"aligncenter wp-image-3176 size-medium\" src=\"https:\/\/victoria-ig.de\/wp-content\/uploads\/2018\/03\/20180317_092843-e1521641202617-225x300.jpg\" alt=\"\" width=\"225\" height=\"300\" srcset=\"https:\/\/victoria-ig.de\/wp-content\/uploads\/2018\/03\/20180317_092843-e1521641202617-225x300.jpg 225w, https:\/\/victoria-ig.de\/wp-content\/uploads\/2018\/03\/20180317_092843-e1521641202617-768x1024.jpg 768w\" sizes=\"auto, (max-width: 225px) 100vw, 225px\" \/><\/a>Ob das wie das Astra Bier schmeckt ? Egal, diese kommt aus Australien. <a href=\"https:\/\/en.wikipedia.org\/wiki\/Victoria_Bitter\">Inkl. Wikipedia Eintrag.<\/a><\/p>\n<hr \/>\n<p>Uwe in England Unterwegs. <a href=\"https:\/\/victoria-ig.de\/wp-content\/uploads\/2018\/04\/WhatsApp-Image-2018-04-23-at-06.51.47.jpeg\" target=\"_blank\" rel=\"noopener noreferrer\"><img loading=\"lazy\" decoding=\"async\" class=\"aligncenter wp-image-3424 size-medium\" src=\"https:\/\/victoria-ig.de\/wp-content\/uploads\/2018\/04\/WhatsApp-Image-2018-04-23-at-06.51.47-169x300.jpeg\" alt=\"\" width=\"169\" height=\"300\" srcset=\"https:\/\/victoria-ig.de\/wp-content\/uploads\/2018\/04\/WhatsApp-Image-2018-04-23-at-06.51.47-169x300.jpeg 169w, https:\/\/victoria-ig.de\/wp-content\/uploads\/2018\/04\/WhatsApp-Image-2018-04-23-at-06.51.47-576x1024.jpeg 576w, https:\/\/victoria-ig.de\/wp-content\/uploads\/2018\/04\/WhatsApp-Image-2018-04-23-at-06.51.47.jpeg 720w\" sizes=\"auto, (max-width: 169px) 100vw, 169px\" \/><\/a><\/p>\n<hr \/>\n<hr \/>\n<p><a href=\"https:\/\/victoria-ig.de\/wp-content\/uploads\/2018\/04\/victoria-Bikers-Pub.jpg\" target=\"_blank\" rel=\"noopener noreferrer\"><img loading=\"lazy\" decoding=\"async\" class=\"aligncenter wp-image-3423 size-medium\" src=\"https:\/\/victoria-ig.de\/wp-content\/uploads\/2018\/04\/victoria-Bikers-Pub-300x174.jpg\" alt=\"\" width=\"300\" height=\"174\" srcset=\"https:\/\/victoria-ig.de\/wp-content\/uploads\/2018\/04\/victoria-Bikers-Pub-300x174.jpg 300w, https:\/\/victoria-ig.de\/wp-content\/uploads\/2018\/04\/victoria-Bikers-Pub-768x447.jpg 768w, https:\/\/victoria-ig.de\/wp-content\/uploads\/2018\/04\/victoria-Bikers-Pub.jpg 865w\" sizes=\"auto, (max-width: 300px) 100vw, 300px\" \/><\/a> Und Mani hat das Fl\u00fcssige Mekka gefunden<\/p>\n<p>&nbsp;<\/p>\n<hr \/>\n<p><a href=\"https:\/\/victoria-ig.de\/wp-content\/uploads\/2018\/05\/Victoria-Bier-2018-05-04-at-11.49.34.jpeg\" target=\"_blank\" rel=\"noopener noreferrer\"><img loading=\"lazy\" decoding=\"async\" class=\"aligncenter wp-image-3584 size-medium\" src=\"https:\/\/victoria-ig.de\/wp-content\/uploads\/2018\/05\/Victoria-Bier-2018-05-04-at-11.49.34-300x225.jpeg\" alt=\"\" width=\"300\" height=\"225\" srcset=\"https:\/\/victoria-ig.de\/wp-content\/uploads\/2018\/05\/Victoria-Bier-2018-05-04-at-11.49.34-300x225.jpeg 300w, https:\/\/victoria-ig.de\/wp-content\/uploads\/2018\/05\/Victoria-Bier-2018-05-04-at-11.49.34-768x576.jpeg 768w, https:\/\/victoria-ig.de\/wp-content\/uploads\/2018\/05\/Victoria-Bier-2018-05-04-at-11.49.34-1024x768.jpeg 1024w, https:\/\/victoria-ig.de\/wp-content\/uploads\/2018\/05\/Victoria-Bier-2018-05-04-at-11.49.34.jpeg 1600w\" sizes=\"auto, (max-width: 300px) 100vw, 300px\" \/><\/a>Len ist hier in der Victoria Station London\/England<\/p>\n<hr \/>\n<p><a href=\"https:\/\/victoria-ig.de\/wp-content\/uploads\/2018\/05\/UBahn-Victoria-2018-05-04-at-11.16.49.jpeg\" target=\"_blank\" rel=\"noopener noreferrer\"><img loading=\"lazy\" decoding=\"async\" class=\"aligncenter wp-image-3586 size-medium\" src=\"https:\/\/victoria-ig.de\/wp-content\/uploads\/2018\/05\/UBahn-Victoria-2018-05-04-at-11.16.49-169x300.jpeg\" alt=\"\" width=\"169\" height=\"300\" srcset=\"https:\/\/victoria-ig.de\/wp-content\/uploads\/2018\/05\/UBahn-Victoria-2018-05-04-at-11.16.49-169x300.jpeg 169w, https:\/\/victoria-ig.de\/wp-content\/uploads\/2018\/05\/UBahn-Victoria-2018-05-04-at-11.16.49-576x1024.jpeg 576w, https:\/\/victoria-ig.de\/wp-content\/uploads\/2018\/05\/UBahn-Victoria-2018-05-04-at-11.16.49.jpeg 720w\" sizes=\"auto, (max-width: 169px) 100vw, 169px\" \/><\/a> <a href=\"https:\/\/victoria-ig.de\/wp-content\/uploads\/2018\/05\/Victoria-Bier-2018-05-04-at-11.16.55.jpeg\" target=\"_blank\" rel=\"noopener noreferrer\"><img loading=\"lazy\" decoding=\"async\" class=\"aligncenter wp-image-3585 size-medium\" src=\"https:\/\/victoria-ig.de\/wp-content\/uploads\/2018\/05\/Victoria-Bier-2018-05-04-at-11.16.55-169x300.jpeg\" alt=\"\" width=\"169\" height=\"300\" srcset=\"https:\/\/victoria-ig.de\/wp-content\/uploads\/2018\/05\/Victoria-Bier-2018-05-04-at-11.16.55-169x300.jpeg 169w, https:\/\/victoria-ig.de\/wp-content\/uploads\/2018\/05\/Victoria-Bier-2018-05-04-at-11.16.55-576x1024.jpeg 576w, https:\/\/victoria-ig.de\/wp-content\/uploads\/2018\/05\/Victoria-Bier-2018-05-04-at-11.16.55.jpeg 720w\" sizes=\"auto, (max-width: 169px) 100vw, 169px\" \/><\/a>Das ist das einzige was ich in Mexico gefunden habe mit Victoria \ud83d\ude42 LG Matze<\/p>\n<hr \/>\n<p><a href=\"https:\/\/victoria-ig.de\/wp-content\/uploads\/2018\/05\/Victoria-2018-05-20-at-20.18.24.jpeg\" target=\"_blank\" rel=\"noopener noreferrer\"><img loading=\"lazy\" decoding=\"async\" class=\"aligncenter wp-image-3664 size-medium\" src=\"https:\/\/victoria-ig.de\/wp-content\/uploads\/2018\/05\/Victoria-2018-05-20-at-20.18.24-225x300.jpeg\" alt=\"\" width=\"225\" height=\"300\" srcset=\"https:\/\/victoria-ig.de\/wp-content\/uploads\/2018\/05\/Victoria-2018-05-20-at-20.18.24-225x300.jpeg 225w, https:\/\/victoria-ig.de\/wp-content\/uploads\/2018\/05\/Victoria-2018-05-20-at-20.18.24-768x1024.jpeg 768w, https:\/\/victoria-ig.de\/wp-content\/uploads\/2018\/05\/Victoria-2018-05-20-at-20.18.24.jpeg 1200w\" sizes=\"auto, (max-width: 225px) 100vw, 225px\" \/><\/a>Das hat Len in der Eifel gefunden.<\/p>\n<hr \/>\n<p><a href=\"https:\/\/victoria-ig.de\/wp-content\/uploads\/2018\/05\/Victoria-Apotheke-2018-05-29-at-12.55.27.jpeg\" target=\"_blank\" rel=\"noopener noreferrer\"><img loading=\"lazy\" decoding=\"async\" class=\"aligncenter wp-image-3698 size-large\" src=\"https:\/\/victoria-ig.de\/wp-content\/uploads\/2018\/05\/Victoria-Apotheke-2018-05-29-at-12.55.27-1024x576.jpeg\" alt=\"\" width=\"660\" height=\"371\" srcset=\"https:\/\/victoria-ig.de\/wp-content\/uploads\/2018\/05\/Victoria-Apotheke-2018-05-29-at-12.55.27-1024x576.jpeg 1024w, https:\/\/victoria-ig.de\/wp-content\/uploads\/2018\/05\/Victoria-Apotheke-2018-05-29-at-12.55.27-300x169.jpeg 300w, https:\/\/victoria-ig.de\/wp-content\/uploads\/2018\/05\/Victoria-Apotheke-2018-05-29-at-12.55.27-768x432.jpeg 768w, https:\/\/victoria-ig.de\/wp-content\/uploads\/2018\/05\/Victoria-Apotheke-2018-05-29-at-12.55.27.jpeg 1280w\" sizes=\"auto, (max-width: 660px) 100vw, 660px\" \/><\/a>Manfred hat in Bad Schwalbach diese Apotheke gesehen.<\/p>\n<hr \/>\n<p>&nbsp;<\/p>\n<p><a href=\"https:\/\/victoria-ig.de\/wp-content\/uploads\/2018\/06\/Spielzeugmueum-Soltau-2018-06-19.jpeg\" target=\"_blank\" rel=\"noopener noreferrer\"><img loading=\"lazy\" decoding=\"async\" class=\"aligncenter wp-image-3815 size-medium\" src=\"https:\/\/victoria-ig.de\/wp-content\/uploads\/2018\/06\/Spielzeugmueum-Soltau-2018-06-19-169x300.jpeg\" alt=\"\" width=\"169\" height=\"300\" srcset=\"https:\/\/victoria-ig.de\/wp-content\/uploads\/2018\/06\/Spielzeugmueum-Soltau-2018-06-19-169x300.jpeg 169w, https:\/\/victoria-ig.de\/wp-content\/uploads\/2018\/06\/Spielzeugmueum-Soltau-2018-06-19-768x1365.jpeg 768w, https:\/\/victoria-ig.de\/wp-content\/uploads\/2018\/06\/Spielzeugmueum-Soltau-2018-06-19-576x1024.jpeg 576w, https:\/\/victoria-ig.de\/wp-content\/uploads\/2018\/06\/Spielzeugmueum-Soltau-2018-06-19.jpeg 900w\" sizes=\"auto, (max-width: 169px) 100vw, 169px\" \/><\/a>Schokoladen Sparautomat im Spielzeugmuseum Soltau, gesehen von Michael Przibilski<\/p>\n<hr \/>\n<p><a href=\"https:\/\/victoria-ig.de\/wp-content\/uploads\/2018\/06\/Rovinji-Kroatien-Victoria-Rad-V196F.jpeg\"><img loading=\"lazy\" decoding=\"async\" class=\"aligncenter size-medium wp-image-3895\" src=\"https:\/\/victoria-ig.de\/wp-content\/uploads\/2018\/06\/Rovinji-Kroatien-Victoria-Rad-V196F-169x300.jpeg\" alt=\"\" width=\"169\" height=\"300\" srcset=\"https:\/\/victoria-ig.de\/wp-content\/uploads\/2018\/06\/Rovinji-Kroatien-Victoria-Rad-V196F-169x300.jpeg 169w, https:\/\/victoria-ig.de\/wp-content\/uploads\/2018\/06\/Rovinji-Kroatien-Victoria-Rad-V196F-576x1024.jpeg 576w, https:\/\/victoria-ig.de\/wp-content\/uploads\/2018\/06\/Rovinji-Kroatien-Victoria-Rad-V196F.jpeg 747w\" sizes=\"auto, (max-width: 169px) 100vw, 169px\" \/><\/a><\/p>\n<p>Und ganz klassisch mal ein Fahrrad. Gert Reiher in Rovinji (Kroatien) im Urlaub. Was steht da an der Strandpromenade ein Victoria Rad V196F. UNGLAUBLICH. \ud83d\ude42<\/p>\n<hr \/>\n<p><a href=\"https:\/\/victoria-ig.de\/wp-content\/uploads\/2018\/06\/GertReiher_2018-06-27-at-13.09.18.jpeg\" target=\"_blank\" rel=\"noopener noreferrer\"><img loading=\"lazy\" decoding=\"async\" class=\"aligncenter wp-image-3920 size-medium\" src=\"https:\/\/victoria-ig.de\/wp-content\/uploads\/2018\/06\/GertReiher_2018-06-27-at-13.09.18-300x169.jpeg\" alt=\"\" width=\"300\" height=\"169\" srcset=\"https:\/\/victoria-ig.de\/wp-content\/uploads\/2018\/06\/GertReiher_2018-06-27-at-13.09.18-300x169.jpeg 300w, https:\/\/victoria-ig.de\/wp-content\/uploads\/2018\/06\/GertReiher_2018-06-27-at-13.09.18-768x432.jpeg 768w, https:\/\/victoria-ig.de\/wp-content\/uploads\/2018\/06\/GertReiher_2018-06-27-at-13.09.18-1024x576.jpeg 1024w, https:\/\/victoria-ig.de\/wp-content\/uploads\/2018\/06\/GertReiher_2018-06-27-at-13.09.18.jpeg 1328w\" sizes=\"auto, (max-width: 300px) 100vw, 300px\" \/><\/a>Gert scheint im Victoria Land zu sein.\u00a0 Victoria und Gert auf der VICTORIA TOURS auf dem adrianischen Meer. Die Farben und Schriftform passen regelrecht zu den alten Emailschilder.<\/p>\n<hr \/>\n<hr \/>\n<p><a href=\"https:\/\/victoria-ig.de\/wp-content\/uploads\/2018\/06\/KayRauen.jpeg\" target=\"_blank\" rel=\"noopener noreferrer\"><img loading=\"lazy\" decoding=\"async\" class=\"aligncenter wp-image-3921 size-medium\" src=\"https:\/\/victoria-ig.de\/wp-content\/uploads\/2018\/06\/KayRauen-300x169.jpeg\" alt=\"\" width=\"300\" height=\"169\" srcset=\"https:\/\/victoria-ig.de\/wp-content\/uploads\/2018\/06\/KayRauen-300x169.jpeg 300w, https:\/\/victoria-ig.de\/wp-content\/uploads\/2018\/06\/KayRauen-768x432.jpeg 768w, https:\/\/victoria-ig.de\/wp-content\/uploads\/2018\/06\/KayRauen-1024x576.jpeg 1024w, https:\/\/victoria-ig.de\/wp-content\/uploads\/2018\/06\/KayRauen.jpeg 1600w\" sizes=\"auto, (max-width: 300px) 100vw, 300px\" \/><\/a>Kay erfreut uns mit diesen Bild.<\/p>\n<hr \/>\n<p><a href=\"https:\/\/victoria-ig.de\/wp-content\/uploads\/2018\/07\/Cordoba.jpg\" target=\"_blank\" rel=\"noopener noreferrer\"><img loading=\"lazy\" decoding=\"async\" class=\"aligncenter wp-image-4028 size-medium\" src=\"https:\/\/victoria-ig.de\/wp-content\/uploads\/2018\/07\/Cordoba-169x300.jpg\" alt=\"\" width=\"169\" height=\"300\" srcset=\"https:\/\/victoria-ig.de\/wp-content\/uploads\/2018\/07\/Cordoba-169x300.jpg 169w, https:\/\/victoria-ig.de\/wp-content\/uploads\/2018\/07\/Cordoba-768x1365.jpg 768w, https:\/\/victoria-ig.de\/wp-content\/uploads\/2018\/07\/Cordoba-576x1024.jpg 576w, https:\/\/victoria-ig.de\/wp-content\/uploads\/2018\/07\/Cordoba.jpg 900w\" sizes=\"auto, (max-width: 169px) 100vw, 169px\" \/><\/a><\/p>\n<p>Sven Schmidt schickt uns dieses Bild aus C\u00f3rdoba<b>\/<\/b>Andalusien<\/p>\n<hr \/>\n<p><a href=\"https:\/\/victoria-ig.de\/wp-content\/uploads\/2018\/07\/Victoria-Trauben.jpeg\" target=\"_blank\" rel=\"noopener noreferrer\"><img loading=\"lazy\" decoding=\"async\" class=\"aligncenter wp-image-4065 size-medium\" src=\"https:\/\/victoria-ig.de\/wp-content\/uploads\/2018\/07\/Victoria-Trauben-300x169.jpeg\" alt=\"\" width=\"300\" height=\"169\" srcset=\"https:\/\/victoria-ig.de\/wp-content\/uploads\/2018\/07\/Victoria-Trauben-300x169.jpeg 300w, https:\/\/victoria-ig.de\/wp-content\/uploads\/2018\/07\/Victoria-Trauben-768x432.jpeg 768w, https:\/\/victoria-ig.de\/wp-content\/uploads\/2018\/07\/Victoria-Trauben-1024x576.jpeg 1024w, https:\/\/victoria-ig.de\/wp-content\/uploads\/2018\/07\/Victoria-Trauben.jpeg 1600w\" sizes=\"auto, (max-width: 300px) 100vw, 300px\" \/><\/a><\/p>\n<p>Matze hat die Trauben gesehen.<\/p>\n<hr \/>\n<p><a href=\"https:\/\/victoria-ig.de\/wp-content\/uploads\/2018\/07\/Victoria_Pension.jpeg\" target=\"_blank\" rel=\"noopener noreferrer\"><img loading=\"lazy\" decoding=\"async\" class=\"aligncenter wp-image-4068 size-medium\" src=\"https:\/\/victoria-ig.de\/wp-content\/uploads\/2018\/07\/Victoria_Pension-225x300.jpeg\" alt=\"\" width=\"225\" height=\"300\" srcset=\"https:\/\/victoria-ig.de\/wp-content\/uploads\/2018\/07\/Victoria_Pension-225x300.jpeg 225w, https:\/\/victoria-ig.de\/wp-content\/uploads\/2018\/07\/Victoria_Pension-768x1024.jpeg 768w, https:\/\/victoria-ig.de\/wp-content\/uploads\/2018\/07\/Victoria_Pension.jpeg 1200w\" sizes=\"auto, (max-width: 225px) 100vw, 225px\" \/><\/a>Victoria Pension in K\u00fchlungsborn an der Ostsee<\/p>\n<p><a href=\"https:\/\/victoria-ig.de\/wp-content\/uploads\/2018\/07\/Flohmarkt.jpeg\" target=\"_blank\" rel=\"noopener noreferrer\"><img loading=\"lazy\" decoding=\"async\" class=\"aligncenter wp-image-4067 size-medium\" src=\"https:\/\/victoria-ig.de\/wp-content\/uploads\/2018\/07\/Flohmarkt-225x300.jpeg\" alt=\"\" width=\"225\" height=\"300\" srcset=\"https:\/\/victoria-ig.de\/wp-content\/uploads\/2018\/07\/Flohmarkt-225x300.jpeg 225w, https:\/\/victoria-ig.de\/wp-content\/uploads\/2018\/07\/Flohmarkt-768x1024.jpeg 768w, https:\/\/victoria-ig.de\/wp-content\/uploads\/2018\/07\/Flohmarkt.jpeg 1200w\" sizes=\"auto, (max-width: 225px) 100vw, 225px\" \/><\/a>Und ein Fleischwolf vom Flohmarkt. Diese beiden Bilder hat uns Norbert Mayer aus Gl\u00f6tt geschickt.<\/p>\n<hr \/>\n<p>&nbsp;<\/p>\n<p><a href=\"https:\/\/victoria-ig.de\/wp-content\/uploads\/2018\/08\/Victoria.jpg\" target=\"_blank\" rel=\"noopener noreferrer\"><img loading=\"lazy\" decoding=\"async\" class=\"aligncenter wp-image-4443 size-medium\" src=\"https:\/\/victoria-ig.de\/wp-content\/uploads\/2018\/08\/Victoria-225x300.jpg\" alt=\"\" width=\"225\" height=\"300\" srcset=\"https:\/\/victoria-ig.de\/wp-content\/uploads\/2018\/08\/Victoria-225x300.jpg 225w, https:\/\/victoria-ig.de\/wp-content\/uploads\/2018\/08\/Victoria-768x1024.jpg 768w\" sizes=\"auto, (max-width: 225px) 100vw, 225px\" \/><\/a>Saftey Information &#8211; Victoria Seaways<\/p>\n<hr \/>\n<p>&nbsp;<\/p>\n<p><a href=\"https:\/\/victoria-ig.de\/wp-content\/uploads\/2018\/08\/Victoria-1.jpg\" target=\"_blank\" rel=\"noopener noreferrer\"><img loading=\"lazy\" decoding=\"async\" class=\"aligncenter wp-image-4445 size-medium\" src=\"https:\/\/victoria-ig.de\/wp-content\/uploads\/2018\/08\/Victoria-1-300x225.jpg\" alt=\"\" width=\"300\" height=\"225\" srcset=\"https:\/\/victoria-ig.de\/wp-content\/uploads\/2018\/08\/Victoria-1-300x225.jpg 300w, https:\/\/victoria-ig.de\/wp-content\/uploads\/2018\/08\/Victoria-1-768x575.jpg 768w, https:\/\/victoria-ig.de\/wp-content\/uploads\/2018\/08\/Victoria-1.jpg 1024w\" sizes=\"auto, (max-width: 300px) 100vw, 300px\" \/><\/a>Gesehen von Stefan und Christine Reithmeier. Villa Victoria<\/p>\n<hr \/>\n<p><a href=\"https:\/\/victoria-ig.de\/wp-content\/uploads\/2018\/09\/Victoria_Karten.jpeg\" target=\"_blank\" rel=\"noopener noreferrer\"><img loading=\"lazy\" decoding=\"async\" class=\"aligncenter wp-image-4636 size-medium\" src=\"https:\/\/victoria-ig.de\/wp-content\/uploads\/2018\/09\/Victoria_Karten-169x300.jpeg\" alt=\"\" width=\"169\" height=\"300\" srcset=\"https:\/\/victoria-ig.de\/wp-content\/uploads\/2018\/09\/Victoria_Karten-169x300.jpeg 169w, https:\/\/victoria-ig.de\/wp-content\/uploads\/2018\/09\/Victoria_Karten-576x1024.jpeg 576w, https:\/\/victoria-ig.de\/wp-content\/uploads\/2018\/09\/Victoria_Karten.jpeg 747w\" sizes=\"auto, (max-width: 169px) 100vw, 169px\" \/><\/a>Hotels, Stra\u00dfen, U-Bahn, Bier und jetzt sogar Pokerkarten.<a href=\"https:\/\/victoria-ig.de\/wp-content\/uploads\/2018\/09\/Victoria_Bar_CostaBrava.jpeg\" target=\"_blank\" rel=\"noopener noreferrer\"><img loading=\"lazy\" decoding=\"async\" class=\"aligncenter wp-image-4634 size-medium\" src=\"https:\/\/victoria-ig.de\/wp-content\/uploads\/2018\/09\/Victoria_Bar_CostaBrava-300x169.jpeg\" alt=\"\" width=\"300\" height=\"169\" srcset=\"https:\/\/victoria-ig.de\/wp-content\/uploads\/2018\/09\/Victoria_Bar_CostaBrava-300x169.jpeg 300w, https:\/\/victoria-ig.de\/wp-content\/uploads\/2018\/09\/Victoria_Bar_CostaBrava-768x432.jpeg 768w, https:\/\/victoria-ig.de\/wp-content\/uploads\/2018\/09\/Victoria_Bar_CostaBrava-1024x576.jpeg 1024w, https:\/\/victoria-ig.de\/wp-content\/uploads\/2018\/09\/Victoria_Bar_CostaBrava.jpeg 1328w\" sizes=\"auto, (max-width: 300px) 100vw, 300px\" \/><\/a>In Tossa an der Costa Brava findet ihr dieses Victoria Lokal und k\u00f6nnt auch die Pokerkarten erwerben. Beides gesehen von Matthias J\u00fcngling.<\/p>\n<hr \/>\n<p><a href=\"https:\/\/victoria-ig.de\/wp-content\/uploads\/2018\/09\/Victoria_Boutique_Slowakai.jpeg\" target=\"_blank\" rel=\"noopener noreferrer\"><img loading=\"lazy\" decoding=\"async\" class=\"aligncenter wp-image-4635 size-medium\" src=\"https:\/\/victoria-ig.de\/wp-content\/uploads\/2018\/09\/Victoria_Boutique_Slowakai-300x225.jpeg\" alt=\"\" width=\"300\" height=\"225\" srcset=\"https:\/\/victoria-ig.de\/wp-content\/uploads\/2018\/09\/Victoria_Boutique_Slowakai-300x225.jpeg 300w, https:\/\/victoria-ig.de\/wp-content\/uploads\/2018\/09\/Victoria_Boutique_Slowakai-768x576.jpeg 768w, https:\/\/victoria-ig.de\/wp-content\/uploads\/2018\/09\/Victoria_Boutique_Slowakai-1024x768.jpeg 1024w, https:\/\/victoria-ig.de\/wp-content\/uploads\/2018\/09\/Victoria_Boutique_Slowakai.jpeg 1600w\" sizes=\"auto, (max-width: 300px) 100vw, 300px\" \/><\/a> Und diese Boutique k\u00f6nnt ihr in der Slowakai endecken, genauer in Kosi\u010de oder fragt Peter Keller.<\/p>\n<hr \/>\n<hr \/>\n<p><a href=\"https:\/\/victoria-ig.de\/wp-content\/uploads\/2018\/12\/Amsterdam.jpeg\" target=\"_blank\" rel=\"noopener noreferrer\"><img loading=\"lazy\" decoding=\"async\" class=\"aligncenter wp-image-5129 size-medium\" src=\"https:\/\/victoria-ig.de\/wp-content\/uploads\/2018\/12\/Amsterdam-169x300.jpeg\" alt=\"\" width=\"169\" height=\"300\" srcset=\"https:\/\/victoria-ig.de\/wp-content\/uploads\/2018\/12\/Amsterdam-169x300.jpeg 169w, https:\/\/victoria-ig.de\/wp-content\/uploads\/2018\/12\/Amsterdam-768x1365.jpeg 768w, https:\/\/victoria-ig.de\/wp-content\/uploads\/2018\/12\/Amsterdam-576x1024.jpeg 576w, https:\/\/victoria-ig.de\/wp-content\/uploads\/2018\/12\/Amsterdam.jpeg 900w\" sizes=\"auto, (max-width: 169px) 100vw, 169px\" \/><\/a>Sven Schmidt in Amsterdam<\/p>\n<hr \/>\n<p>Victoria-Pflegeprodukte (siehe die Flickzeug-Dosen weiter oben) werden auch heute noch im klassischen Design angeboten, so die Aluminium-Politur Nr. 88.<\/p>\n<p><a href=\"https:\/\/victoria-ig.de\/wp-content\/uploads\/2019\/01\/2019-01-06-6048.jpg\" target=\"_blank\" rel=\"noopener noreferrer\"><img loading=\"lazy\" decoding=\"async\" class=\"aligncenter wp-image-5205 size-medium\" src=\"https:\/\/victoria-ig.de\/wp-content\/uploads\/2019\/01\/2019-01-06-6048-300x225.jpg\" alt=\"\" width=\"300\" height=\"225\" srcset=\"https:\/\/victoria-ig.de\/wp-content\/uploads\/2019\/01\/2019-01-06-6048-300x225.jpg 300w, https:\/\/victoria-ig.de\/wp-content\/uploads\/2019\/01\/2019-01-06-6048.jpg 600w\" sizes=\"auto, (max-width: 300px) 100vw, 300px\" \/><\/a><\/p>\n<p>Und &#8211; taugt die &#8216;was &#8230;? Auf dem n\u00e4chsten Bild seht ihr ein Vergaser-Geh\u00e4use &#8220;vorher \/ nachher&#8221;, an das ich auf einer Seite mit der Politur und Polierwatte (nur von Hand) drangegangen bin. Fazit: klappt gut &#8211; wie eben alles von Victoria \ud83d\ude42 !<\/p>\n<p><a href=\"https:\/\/victoria-ig.de\/wp-content\/uploads\/2019\/01\/2019-01-06-6021-6044.jpg\" target=\"_blank\" rel=\"noopener noreferrer\"><img loading=\"lazy\" decoding=\"async\" class=\"aligncenter wp-image-5206 size-full\" src=\"https:\/\/victoria-ig.de\/wp-content\/uploads\/2019\/01\/2019-01-06-6021-6044.jpg\" alt=\"\" width=\"480\" height=\"180\" srcset=\"https:\/\/victoria-ig.de\/wp-content\/uploads\/2019\/01\/2019-01-06-6021-6044.jpg 480w, https:\/\/victoria-ig.de\/wp-content\/uploads\/2019\/01\/2019-01-06-6021-6044-300x113.jpg 300w\" sizes=\"auto, (max-width: 480px) 100vw, 480px\" \/><\/a>Diese beiden Bilder kommen von Thomas Hey\u00b4l<\/p>\n<hr \/>\n<p><a href=\"https:\/\/victoria-ig.de\/wp-content\/uploads\/2019\/01\/Victoria_Lackstift.jpeg\" target=\"_blank\" rel=\"noopener noreferrer\"><img loading=\"lazy\" decoding=\"async\" class=\"aligncenter wp-image-5278 size-medium\" src=\"https:\/\/victoria-ig.de\/wp-content\/uploads\/2019\/01\/Victoria_Lackstift-225x300.jpeg\" alt=\"\" width=\"225\" height=\"300\" srcset=\"https:\/\/victoria-ig.de\/wp-content\/uploads\/2019\/01\/Victoria_Lackstift-225x300.jpeg 225w, https:\/\/victoria-ig.de\/wp-content\/uploads\/2019\/01\/Victoria_Lackstift-768x1024.jpeg 768w, https:\/\/victoria-ig.de\/wp-content\/uploads\/2019\/01\/Victoria_Lackstift.jpeg 1200w\" sizes=\"auto, (max-width: 225px) 100vw, 225px\" \/><\/a>Original Lackstift von Edgar K\u00f6hnke.<\/p>\n<hr \/>\n<p><a href=\"https:\/\/victoria-ig.de\/wp-content\/uploads\/2019\/02\/Griechenland2.jpg\" target=\"_blank\" rel=\"noopener noreferrer\"><img loading=\"lazy\" decoding=\"async\" class=\"aligncenter wp-image-5334 size-medium\" src=\"https:\/\/victoria-ig.de\/wp-content\/uploads\/2019\/02\/Griechenland2-300x193.jpg\" alt=\"\" width=\"300\" height=\"193\" srcset=\"https:\/\/victoria-ig.de\/wp-content\/uploads\/2019\/02\/Griechenland2-300x193.jpg 300w, https:\/\/victoria-ig.de\/wp-content\/uploads\/2019\/02\/Griechenland2.jpg 634w\" sizes=\"auto, (max-width: 300px) 100vw, 300px\" \/><\/a><\/p>\n<p><a href=\"https:\/\/victoria-ig.de\/wp-content\/uploads\/2019\/02\/Griechenland.jpg\" target=\"_blank\" rel=\"noopener noreferrer\"><img loading=\"lazy\" decoding=\"async\" class=\"aligncenter wp-image-5337 size-thumbnail\" src=\"https:\/\/victoria-ig.de\/wp-content\/uploads\/2019\/02\/Griechenland-150x150.jpg\" alt=\"\" width=\"150\" height=\"150\" srcset=\"https:\/\/victoria-ig.de\/wp-content\/uploads\/2019\/02\/Griechenland-150x150.jpg 150w, https:\/\/victoria-ig.de\/wp-content\/uploads\/2019\/02\/Griechenland-300x300.jpg 300w, https:\/\/victoria-ig.de\/wp-content\/uploads\/2019\/02\/Griechenland.jpg 642w\" sizes=\"auto, (max-width: 150px) 100vw, 150px\" \/><\/a>Die Pension und Cocktail Bar wurde von Gert Reiher in Griechenland endeckt.<\/p>\n<hr \/>\n<p><a href=\"https:\/\/victoria-ig.de\/wp-content\/uploads\/2019\/02\/Staubsauger.jpg\" target=\"_blank\" rel=\"noopener noreferrer\"><img loading=\"lazy\" decoding=\"async\" class=\"aligncenter wp-image-5335 size-medium\" src=\"https:\/\/victoria-ig.de\/wp-content\/uploads\/2019\/02\/Staubsauger-300x95.jpg\" alt=\"\" width=\"300\" height=\"95\" srcset=\"https:\/\/victoria-ig.de\/wp-content\/uploads\/2019\/02\/Staubsauger-300x95.jpg 300w, https:\/\/victoria-ig.de\/wp-content\/uploads\/2019\/02\/Staubsauger-768x244.jpg 768w, https:\/\/victoria-ig.de\/wp-content\/uploads\/2019\/02\/Staubsauger-1024x325.jpg 1024w, https:\/\/victoria-ig.de\/wp-content\/uploads\/2019\/02\/Staubsauger.jpg 1174w\" sizes=\"auto, (max-width: 300px) 100vw, 300px\" \/><\/a> <a href=\"https:\/\/victoria-ig.de\/wp-content\/uploads\/2019\/02\/Staubsauger2.jpg\" target=\"_blank\" rel=\"noopener noreferrer\"><img loading=\"lazy\" decoding=\"async\" class=\"aligncenter wp-image-5336 size-medium\" src=\"https:\/\/victoria-ig.de\/wp-content\/uploads\/2019\/02\/Staubsauger2-300x165.jpg\" alt=\"\" width=\"300\" height=\"165\" srcset=\"https:\/\/victoria-ig.de\/wp-content\/uploads\/2019\/02\/Staubsauger2-300x165.jpg 300w, https:\/\/victoria-ig.de\/wp-content\/uploads\/2019\/02\/Staubsauger2-768x423.jpg 768w, https:\/\/victoria-ig.de\/wp-content\/uploads\/2019\/02\/Staubsauger2-1024x564.jpg 1024w, https:\/\/victoria-ig.de\/wp-content\/uploads\/2019\/02\/Staubsauger2.jpg 1289w\" sizes=\"auto, (max-width: 300px) 100vw, 300px\" \/><\/a><\/p>\n<p>Und obwohl hier die Victoria als Viktoria kommt finde ich die Staubb\u00fcrste so skuriel das ich sie Euch nicht vorenthalten darf.<\/p>\n<hr \/>\n<hr \/>\n<p>Parallelos<\/p>\n<p>Kurioser Fund: &#8220;Parallelos&#8221;-Werbezettel. Die Werbung im Postkartenformat f\u00fcr Strickjacken mit Rei\u00dfverschluss lag wohl seit 1956 in einer Ersatzteilliste f\u00fcr die KR 25 HM, wie die Gilbspuren drumherum zeigen.<\/p>\n<p><a href=\"https:\/\/victoria-ig.de\/wp-content\/uploads\/2019\/02\/parallelos-f-s.jpg\" target=\"_blank\" rel=\"noopener noreferrer\"><img loading=\"lazy\" decoding=\"async\" class=\"aligncenter wp-image-5354 size-full\" src=\"https:\/\/victoria-ig.de\/wp-content\/uploads\/2019\/02\/parallelos-f-s.jpg\" alt=\"\" width=\"400\" height=\"583\" srcset=\"https:\/\/victoria-ig.de\/wp-content\/uploads\/2019\/02\/parallelos-f-s.jpg 400w, https:\/\/victoria-ig.de\/wp-content\/uploads\/2019\/02\/parallelos-f-s-206x300.jpg 206w\" sizes=\"auto, (max-width: 400px) 100vw, 400px\" \/><\/a>Der Fahrer sitzt auf einer KR 21 Swing, Ausf\u00fchrung &#8220;A&#8221; mit Fahrersattel.<a href=\"https:\/\/victoria-ig.de\/wp-content\/uploads\/2019\/02\/parallelos-b-s.jpg\" target=\"_blank\" rel=\"noopener noreferrer\"><img loading=\"lazy\" decoding=\"async\" class=\"aligncenter wp-image-5355 size-medium\" src=\"https:\/\/victoria-ig.de\/wp-content\/uploads\/2019\/02\/parallelos-b-s-206x300.jpg\" alt=\"\" width=\"206\" height=\"300\" srcset=\"https:\/\/victoria-ig.de\/wp-content\/uploads\/2019\/02\/parallelos-b-s-206x300.jpg 206w, https:\/\/victoria-ig.de\/wp-content\/uploads\/2019\/02\/parallelos-b-s.jpg 400w\" sizes=\"auto, (max-width: 206px) 100vw, 206px\" \/><\/a><\/p>\n<p>Thomas Heyl<\/p>\n<hr \/>\n<p><a href=\"https:\/\/victoria-ig.de\/wp-content\/uploads\/2019\/02\/Victoria_neuestes_Modell.jpeg\" target=\"_blank\" rel=\"noopener noreferrer\"><img loading=\"lazy\" decoding=\"async\" class=\"aligncenter wp-image-5371 size-medium\" src=\"https:\/\/victoria-ig.de\/wp-content\/uploads\/2019\/02\/Victoria_neuestes_Modell-300x105.jpeg\" alt=\"\" width=\"300\" height=\"105\" srcset=\"https:\/\/victoria-ig.de\/wp-content\/uploads\/2019\/02\/Victoria_neuestes_Modell-300x105.jpeg 300w, https:\/\/victoria-ig.de\/wp-content\/uploads\/2019\/02\/Victoria_neuestes_Modell-768x268.jpeg 768w, https:\/\/victoria-ig.de\/wp-content\/uploads\/2019\/02\/Victoria_neuestes_Modell-1024x357.jpeg 1024w, https:\/\/victoria-ig.de\/wp-content\/uploads\/2019\/02\/Victoria_neuestes_Modell.jpeg 1600w\" sizes=\"auto, (max-width: 300px) 100vw, 300px\" \/><\/a>Und Gert hat wie immer das neueste \ud83d\ude42<\/p>\n<hr \/>\n<p>Und in meinen Spanisch Buch habe ich folgendes Gefunden.<\/p>\n<p><a href=\"https:\/\/victoria-ig.de\/wp-content\/uploads\/2019\/04\/Spanische-Victoria.jpeg\" target=\"_blank\" rel=\"noopener noreferrer\"><img loading=\"lazy\" decoding=\"async\" class=\"aligncenter wp-image-5578 size-medium\" src=\"https:\/\/victoria-ig.de\/wp-content\/uploads\/2019\/04\/Spanische-Victoria-300x225.jpeg\" alt=\"\" width=\"300\" height=\"225\" srcset=\"https:\/\/victoria-ig.de\/wp-content\/uploads\/2019\/04\/Spanische-Victoria-300x225.jpeg 300w, https:\/\/victoria-ig.de\/wp-content\/uploads\/2019\/04\/Spanische-Victoria-768x576.jpeg 768w, https:\/\/victoria-ig.de\/wp-content\/uploads\/2019\/04\/Spanische-Victoria-1024x768.jpeg 1024w, https:\/\/victoria-ig.de\/wp-content\/uploads\/2019\/04\/Spanische-Victoria.jpeg 1600w\" sizes=\"auto, (max-width: 300px) 100vw, 300px\" \/><\/a><\/p>\n<p>&nbsp;<\/p>\n<hr \/>\n<p>Im Louvre kann man folgendes sehen<a href=\"https:\/\/victoria-ig.de\/wp-content\/uploads\/2019\/04\/LoisLeNainVictoria.jpg\" target=\"_blank\" rel=\"noopener noreferrer\"><img loading=\"lazy\" decoding=\"async\" class=\"aligncenter wp-image-5607 size-medium\" src=\"https:\/\/victoria-ig.de\/wp-content\/uploads\/2019\/04\/LoisLeNainVictoria-300x187.jpg\" alt=\"\" width=\"300\" height=\"187\" srcset=\"https:\/\/victoria-ig.de\/wp-content\/uploads\/2019\/04\/LoisLeNainVictoria-300x187.jpg 300w, https:\/\/victoria-ig.de\/wp-content\/uploads\/2019\/04\/LoisLeNainVictoria-768x478.jpg 768w, https:\/\/victoria-ig.de\/wp-content\/uploads\/2019\/04\/LoisLeNainVictoria-1024x638.jpg 1024w, https:\/\/victoria-ig.de\/wp-content\/uploads\/2019\/04\/LoisLeNainVictoria.jpg 1341w\" sizes=\"auto, (max-width: 300px) 100vw, 300px\" \/><\/a>Hat uns Manni Sprenger geschickt. Inspiration.<\/p>\n<p><a href=\"https:\/\/victoria-ig.de\/wp-content\/uploads\/2019\/04\/LoisLeNainVictoria1.jpg\" target=\"_blank\" rel=\"noopener noreferrer\"><img loading=\"lazy\" decoding=\"async\" class=\"aligncenter wp-image-5608 size-medium\" src=\"https:\/\/victoria-ig.de\/wp-content\/uploads\/2019\/04\/LoisLeNainVictoria1-178x300.jpg\" alt=\"\" width=\"178\" height=\"300\" srcset=\"https:\/\/victoria-ig.de\/wp-content\/uploads\/2019\/04\/LoisLeNainVictoria1-178x300.jpg 178w, https:\/\/victoria-ig.de\/wp-content\/uploads\/2019\/04\/LoisLeNainVictoria1-768x1295.jpg 768w, https:\/\/victoria-ig.de\/wp-content\/uploads\/2019\/04\/LoisLeNainVictoria1-607x1024.jpg 607w, https:\/\/victoria-ig.de\/wp-content\/uploads\/2019\/04\/LoisLeNainVictoria1.jpg 901w\" sizes=\"auto, (max-width: 178px) 100vw, 178px\" \/><\/a><\/p>\n<hr \/>\n<p>Victorianer Unterwegs.<\/p>\n<p><a href=\"https:\/\/victoria-ig.de\/wp-content\/uploads\/2019\/05\/Victorianer-Unterwegs.jpeg\" target=\"_blank\" rel=\"noopener noreferrer\"><img loading=\"lazy\" decoding=\"async\" class=\"aligncenter wp-image-5850 size-medium\" src=\"https:\/\/victoria-ig.de\/wp-content\/uploads\/2019\/05\/Victorianer-Unterwegs-300x225.jpeg\" alt=\"\" width=\"300\" height=\"225\" srcset=\"https:\/\/victoria-ig.de\/wp-content\/uploads\/2019\/05\/Victorianer-Unterwegs-300x225.jpeg 300w, https:\/\/victoria-ig.de\/wp-content\/uploads\/2019\/05\/Victorianer-Unterwegs-768x576.jpeg 768w, https:\/\/victoria-ig.de\/wp-content\/uploads\/2019\/05\/Victorianer-Unterwegs.jpeg 960w\" sizes=\"auto, (max-width: 300px) 100vw, 300px\" \/><\/a><\/p>\n<hr \/>\n<p>Uly hat hier das Hotel Victoria gesehen<\/p>\n<p><a href=\"https:\/\/victoria-ig.de\/wp-content\/uploads\/2019\/05\/HotelVictoria.jpeg\" target=\"_blank\" rel=\"noopener noreferrer\"><img loading=\"lazy\" decoding=\"async\" class=\"aligncenter wp-image-5851 size-medium\" src=\"https:\/\/victoria-ig.de\/wp-content\/uploads\/2019\/05\/HotelVictoria-225x300.jpeg\" alt=\"\" width=\"225\" height=\"300\" srcset=\"https:\/\/victoria-ig.de\/wp-content\/uploads\/2019\/05\/HotelVictoria-225x300.jpeg 225w, https:\/\/victoria-ig.de\/wp-content\/uploads\/2019\/05\/HotelVictoria-768x1024.jpeg 768w, https:\/\/victoria-ig.de\/wp-content\/uploads\/2019\/05\/HotelVictoria.jpeg 1200w\" sizes=\"auto, (max-width: 225px) 100vw, 225px\" \/><\/a><\/p>\n<hr \/>\n<p><a href=\"https:\/\/victoria-ig.de\/wp-content\/uploads\/2019\/05\/Schiff-Victoria.jpeg\" target=\"_blank\" rel=\"noopener noreferrer\"><img loading=\"lazy\" decoding=\"async\" class=\"aligncenter wp-image-5852 size-large\" src=\"https:\/\/victoria-ig.de\/wp-content\/uploads\/2019\/05\/Schiff-Victoria-1024x768.jpeg\" alt=\"\" width=\"660\" height=\"495\" srcset=\"https:\/\/victoria-ig.de\/wp-content\/uploads\/2019\/05\/Schiff-Victoria.jpeg 1024w, https:\/\/victoria-ig.de\/wp-content\/uploads\/2019\/05\/Schiff-Victoria-300x225.jpeg 300w, https:\/\/victoria-ig.de\/wp-content\/uploads\/2019\/05\/Schiff-Victoria-768x576.jpeg 768w\" sizes=\"auto, (max-width: 660px) 100vw, 660px\" \/><\/a><\/p>\n<p>Und Edgar konnte noch einen Blich erwischen auf die Queen Victoria.<\/p>\n<hr \/>\n<p><a href=\"https:\/\/victoria-ig.de\/wp-content\/uploads\/2019\/06\/Victoria-Reifen.jpeg\"><img loading=\"lazy\" decoding=\"async\" class=\"aligncenter size-medium wp-image-6152\" src=\"https:\/\/victoria-ig.de\/wp-content\/uploads\/2019\/06\/Victoria-Reifen-169x300.jpeg\" alt=\"\" width=\"169\" height=\"300\" srcset=\"https:\/\/victoria-ig.de\/wp-content\/uploads\/2019\/06\/Victoria-Reifen-169x300.jpeg 169w, https:\/\/victoria-ig.de\/wp-content\/uploads\/2019\/06\/Victoria-Reifen-768x1365.jpeg 768w, https:\/\/victoria-ig.de\/wp-content\/uploads\/2019\/06\/Victoria-Reifen-576x1024.jpeg 576w, https:\/\/victoria-ig.de\/wp-content\/uploads\/2019\/06\/Victoria-Reifen.jpeg 900w\" sizes=\"auto, (max-width: 169px) 100vw, 169px\" \/><\/a>Und von Michael der Reifen.<\/p>\n<hr \/>\n<p><a href=\"https:\/\/victoria-ig.de\/wp-content\/uploads\/2019\/07\/Victoria_Holztisch.jpeg\"><img loading=\"lazy\" decoding=\"async\" class=\"aligncenter size-medium wp-image-6272\" src=\"https:\/\/victoria-ig.de\/wp-content\/uploads\/2019\/07\/Victoria_Holztisch-169x300.jpeg\" alt=\"\" width=\"169\" height=\"300\" srcset=\"https:\/\/victoria-ig.de\/wp-content\/uploads\/2019\/07\/Victoria_Holztisch-169x300.jpeg 169w, https:\/\/victoria-ig.de\/wp-content\/uploads\/2019\/07\/Victoria_Holztisch-576x1024.jpeg 576w, https:\/\/victoria-ig.de\/wp-content\/uploads\/2019\/07\/Victoria_Holztisch.jpeg 747w\" sizes=\"auto, (max-width: 169px) 100vw, 169px\" \/><\/a>Diesen wundersch\u00f6nen original Victoria Holztisch mit den Victoria Intarsien konnte unser Gert Reiher ergattern.<\/p>\n<hr \/>\n<p><a href=\"https:\/\/victoria-ig.de\/wp-content\/uploads\/2019\/07\/Victoria-Marktfundst\u00fcck.jpg\"><img loading=\"lazy\" decoding=\"async\" class=\"aligncenter size-medium wp-image-6384\" src=\"https:\/\/victoria-ig.de\/wp-content\/uploads\/2019\/07\/Victoria-Marktfundst\u00fcck-170x300.jpg\" alt=\"\" width=\"170\" height=\"300\" srcset=\"https:\/\/victoria-ig.de\/wp-content\/uploads\/2019\/07\/Victoria-Marktfundst\u00fcck-170x300.jpg 170w, https:\/\/victoria-ig.de\/wp-content\/uploads\/2019\/07\/Victoria-Marktfundst\u00fcck-768x1353.jpg 768w, https:\/\/victoria-ig.de\/wp-content\/uploads\/2019\/07\/Victoria-Marktfundst\u00fcck-581x1024.jpg 581w, https:\/\/victoria-ig.de\/wp-content\/uploads\/2019\/07\/Victoria-Marktfundst\u00fcck.jpg 1200w\" sizes=\"auto, (max-width: 170px) 100vw, 170px\" \/><\/a>Uly hat auf einen Markt einen Tropf\u00f6ler gesehen.<\/p>\n<hr \/>\n<figure id=\"attachment_8563\" aria-describedby=\"caption-attachment-8563\" style=\"width: 300px\" class=\"wp-caption aligncenter\"><a href=\"https:\/\/victoria-ig.de\/wp-content\/uploads\/2020\/08\/Victoria-Brezel-B\u00e4ckerei-Z\u00fcrich-bellevueplatz.jpg\"><img loading=\"lazy\" decoding=\"async\" class=\"size-medium wp-image-8563\" src=\"https:\/\/victoria-ig.de\/wp-content\/uploads\/2020\/08\/Victoria-Brezel-B\u00e4ckerei-Z\u00fcrich-bellevueplatz-300x169.jpg\" alt=\"\" width=\"300\" height=\"169\" srcset=\"https:\/\/victoria-ig.de\/wp-content\/uploads\/2020\/08\/Victoria-Brezel-B\u00e4ckerei-Z\u00fcrich-bellevueplatz-300x169.jpg 300w, https:\/\/victoria-ig.de\/wp-content\/uploads\/2020\/08\/Victoria-Brezel-B\u00e4ckerei-Z\u00fcrich-bellevueplatz-1024x576.jpg 1024w, https:\/\/victoria-ig.de\/wp-content\/uploads\/2020\/08\/Victoria-Brezel-B\u00e4ckerei-Z\u00fcrich-bellevueplatz-768x432.jpg 768w, https:\/\/victoria-ig.de\/wp-content\/uploads\/2020\/08\/Victoria-Brezel-B\u00e4ckerei-Z\u00fcrich-bellevueplatz-1536x864.jpg 1536w, https:\/\/victoria-ig.de\/wp-content\/uploads\/2020\/08\/Victoria-Brezel-B\u00e4ckerei-Z\u00fcrich-bellevueplatz-533x300.jpg 533w, https:\/\/victoria-ig.de\/wp-content\/uploads\/2020\/08\/Victoria-Brezel-B\u00e4ckerei-Z\u00fcrich-bellevueplatz.jpg 1600w\" sizes=\"auto, (max-width: 300px) 100vw, 300px\" \/><\/a><figcaption id=\"caption-attachment-8563\" class=\"wp-caption-text\">Victoria Brezel B\u00e4ckerei Z\u00fcrich Bellevueplatz<\/figcaption><\/figure>\n<p>Mal soeben in Z\u00fcrich am Bellevue gesehen.<\/p>\n<hr \/>\n<p><a href=\"https:\/\/victoria-ig.de\/wp-content\/uploads\/2022\/11\/Victoria-Unterwegs-Bier.jpeg\"><img loading=\"lazy\" decoding=\"async\" class=\"aligncenter size-medium wp-image-69559\" src=\"https:\/\/victoria-ig.de\/wp-content\/uploads\/2022\/11\/Victoria-Unterwegs-Bier-225x300.jpeg\" alt=\"\" width=\"225\" height=\"300\" srcset=\"https:\/\/victoria-ig.de\/wp-content\/uploads\/2022\/11\/Victoria-Unterwegs-Bier-225x300.jpeg 225w, https:\/\/victoria-ig.de\/wp-content\/uploads\/2022\/11\/Victoria-Unterwegs-Bier-768x1024.jpeg 768w, https:\/\/victoria-ig.de\/wp-content\/uploads\/2022\/11\/Victoria-Unterwegs-Bier-1152x1536.jpeg 1152w, https:\/\/victoria-ig.de\/wp-content\/uploads\/2022\/11\/Victoria-Unterwegs-Bier-233x310.jpeg 233w, https:\/\/victoria-ig.de\/wp-content\/uploads\/2022\/11\/Victoria-Unterwegs-Bier-79x105.jpeg 79w, https:\/\/victoria-ig.de\/wp-content\/uploads\/2022\/11\/Victoria-Unterwegs-Bier.jpeg 1512w\" sizes=\"auto, (max-width: 225px) 100vw, 225px\" \/><\/a>Bierdosen gesichtet auf Gran Canaria aus Malaga<\/p>\n<hr \/>\n<p><a href=\"https:\/\/victoria-ig.de\/wp-content\/uploads\/2022\/11\/VictoriaBierKay.jpeg\"><img loading=\"lazy\" decoding=\"async\" class=\"aligncenter size-medium wp-image-70659\" src=\"https:\/\/victoria-ig.de\/wp-content\/uploads\/2022\/11\/VictoriaBierKay-169x300.jpeg\" alt=\"\" width=\"169\" height=\"300\" srcset=\"https:\/\/victoria-ig.de\/wp-content\/uploads\/2022\/11\/VictoriaBierKay-169x300.jpeg 169w, https:\/\/victoria-ig.de\/wp-content\/uploads\/2022\/11\/VictoriaBierKay-577x1024.jpeg 577w, https:\/\/victoria-ig.de\/wp-content\/uploads\/2022\/11\/VictoriaBierKay-768x1364.jpeg 768w, https:\/\/victoria-ig.de\/wp-content\/uploads\/2022\/11\/VictoriaBierKay-865x1536.jpeg 865w, https:\/\/victoria-ig.de\/wp-content\/uploads\/2022\/11\/VictoriaBierKay-175x310.jpeg 175w, https:\/\/victoria-ig.de\/wp-content\/uploads\/2022\/11\/VictoriaBierKay-59x105.jpeg 59w, https:\/\/victoria-ig.de\/wp-content\/uploads\/2022\/11\/VictoriaBierKay.jpeg 1153w\" sizes=\"auto, (max-width: 169px) 100vw, 169px\" \/><\/a>Kay hat auch noch eine Victoria Bierdose.<\/p>\n<hr \/>\n<p><a href=\"https:\/\/victoria-ig.de\/wp-content\/uploads\/2024\/06\/IMG_0106-scaled.jpg\"><img loading=\"lazy\" decoding=\"async\" class=\"aligncenter size-medium wp-image-192670\" src=\"https:\/\/victoria-ig.de\/wp-content\/uploads\/2024\/06\/IMG_0106-225x300.jpg\" alt=\"\" width=\"225\" height=\"300\" srcset=\"https:\/\/victoria-ig.de\/wp-content\/uploads\/2024\/06\/IMG_0106-225x300.jpg 225w, https:\/\/victoria-ig.de\/wp-content\/uploads\/2024\/06\/IMG_0106-768x1024.jpg 768w, https:\/\/victoria-ig.de\/wp-content\/uploads\/2024\/06\/IMG_0106-1152x1536.jpg 1152w, https:\/\/victoria-ig.de\/wp-content\/uploads\/2024\/06\/IMG_0106-1536x2048.jpg 1536w, https:\/\/victoria-ig.de\/wp-content\/uploads\/2024\/06\/IMG_0106-233x310.jpg 233w, https:\/\/victoria-ig.de\/wp-content\/uploads\/2024\/06\/IMG_0106-79x105.jpg 79w, https:\/\/victoria-ig.de\/wp-content\/uploads\/2024\/06\/IMG_0106-scaled.jpg 1920w\" sizes=\"auto, (max-width: 225px) 100vw, 225px\" \/><\/a> <a href=\"https:\/\/victoria-ig.de\/wp-content\/uploads\/2024\/06\/IMG_0107-scaled-e1719235470358.jpg\"><img loading=\"lazy\" decoding=\"async\" class=\"aligncenter size-medium wp-image-192671\" src=\"https:\/\/victoria-ig.de\/wp-content\/uploads\/2024\/06\/IMG_0107-scaled-e1719235470358-225x300.jpg\" alt=\"\" width=\"225\" height=\"300\" srcset=\"https:\/\/victoria-ig.de\/wp-content\/uploads\/2024\/06\/IMG_0107-scaled-e1719235470358-225x300.jpg 225w, https:\/\/victoria-ig.de\/wp-content\/uploads\/2024\/06\/IMG_0107-scaled-e1719235470358-768x1024.jpg 768w, https:\/\/victoria-ig.de\/wp-content\/uploads\/2024\/06\/IMG_0107-scaled-e1719235470358-1152x1536.jpg 1152w, https:\/\/victoria-ig.de\/wp-content\/uploads\/2024\/06\/IMG_0107-scaled-e1719235470358-1536x2048.jpg 1536w, https:\/\/victoria-ig.de\/wp-content\/uploads\/2024\/06\/IMG_0107-scaled-e1719235470358-233x310.jpg 233w, https:\/\/victoria-ig.de\/wp-content\/uploads\/2024\/06\/IMG_0107-scaled-e1719235470358-79x105.jpg 79w, https:\/\/victoria-ig.de\/wp-content\/uploads\/2024\/06\/IMG_0107-scaled-e1719235470358.jpg 1920w\" sizes=\"auto, (max-width: 225px) 100vw, 225px\" \/><\/a>Gesehen von Egon Zimmer in einer Schutzh\u00fctte zwischen Rodgau-Dudenhofen und Babenhausen am Kalksandsteinwerk<\/p>\n<hr \/>\n<p><a href=\"https:\/\/victoria-ig.de\/wp-content\/uploads\/2024\/09\/Avontuur-Port-Victoria.jpg\"><img loading=\"lazy\" decoding=\"async\" class=\"aligncenter size-medium wp-image-214013\" src=\"https:\/\/victoria-ig.de\/wp-content\/uploads\/2024\/09\/Avontuur-Port-Victoria-197x300.jpg\" alt=\"\" width=\"197\" height=\"300\" srcset=\"https:\/\/victoria-ig.de\/wp-content\/uploads\/2024\/09\/Avontuur-Port-Victoria-197x300.jpg 197w, https:\/\/victoria-ig.de\/wp-content\/uploads\/2024\/09\/Avontuur-Port-Victoria-672x1024.jpg 672w, https:\/\/victoria-ig.de\/wp-content\/uploads\/2024\/09\/Avontuur-Port-Victoria-768x1170.jpg 768w, https:\/\/victoria-ig.de\/wp-content\/uploads\/2024\/09\/Avontuur-Port-Victoria-1008x1536.jpg 1008w, https:\/\/victoria-ig.de\/wp-content\/uploads\/2024\/09\/Avontuur-Port-Victoria-1344x2048.jpg 1344w, https:\/\/victoria-ig.de\/wp-content\/uploads\/2024\/09\/Avontuur-Port-Victoria-203x310.jpg 203w, https:\/\/victoria-ig.de\/wp-content\/uploads\/2024\/09\/Avontuur-Port-Victoria-69x105.jpg 69w, https:\/\/victoria-ig.de\/wp-content\/uploads\/2024\/09\/Avontuur-Port-Victoria.jpg 1534w\" sizes=\"auto, (max-width: 197px) 100vw, 197px\" \/><\/a><\/p>\n<p>S\u00fcdseeflair an der Unterweser in Brake.<\/p>\n<p>Roland<\/p>\n<hr \/>\n<p>Schickt uns Eure Victoria Bilder per Mail oder WhatsApp.\u00a0 Wir freuen uns schon darauf was die Welt noch f\u00fcr uns Victorianer zu bieten hat.<\/p>\n<p>&nbsp;<\/p>\n","protected":false},"excerpt":{"rendered":"<p>Auf dieser Seite k\u00f6nnt ihr uns Victoria-Bilder hinterlassen. Thomas Heyl hat uns folgende beiden Bilder geschickt: Lugano Hotel Victoria (vom Motorrad aus Fotografiert) Und beim 2015er Treffen in Miehlen hat er eine Flasche Mineralwasser gefunden. Da lobt man sich aber auch gleich das Hopfen Bier dazu. Gesehen von Matze. Das Victoria Bier kommt aus Mexiko &hellip; <a href=\"https:\/\/victoria-ig.de\/?p=214017\" class=\"more-link\"><span class=\"screen-reader-text\">Victoria Unterwegs<\/span> weiterlesen<\/a><\/p>\n","protected":false},"author":1,"featured_media":0,"comment_status":"open","ping_status":"open","sticky":false,"template":"","format":"standard","meta":{"footnotes":""},"categories":[1],"tags":[],"class_list":["post-214017","post","type-post","status-publish","format-standard","hentry","category-uncategorized"],"_links":{"self":[{"href":"https:\/\/victoria-ig.de\/index.php?rest_route=\/wp\/v2\/posts\/214017","targetHints":{"allow":["GET"]}}],"collection":[{"href":"https:\/\/victoria-ig.de\/index.php?rest_route=\/wp\/v2\/posts"}],"about":[{"href":"https:\/\/victoria-ig.de\/index.php?rest_route=\/wp\/v2\/types\/post"}],"author":[{"embeddable":true,"href":"https:\/\/victoria-ig.de\/index.php?rest_route=\/wp\/v2\/users\/1"}],"replies":[{"embeddable":true,"href":"https:\/\/victoria-ig.de\/index.php?rest_route=%2Fwp%2Fv2%2Fcomments&post=214017"}],"version-history":[{"count":2,"href":"https:\/\/victoria-ig.de\/index.php?rest_route=\/wp\/v2\/posts\/214017\/revisions"}],"predecessor-version":[{"id":232720,"href":"https:\/\/victoria-ig.de\/index.php?rest_route=\/wp\/v2\/posts\/214017\/revisions\/232720"}],"wp:attachment":[{"href":"https:\/\/victoria-ig.de\/index.php?rest_route=%2Fwp%2Fv2%2Fmedia&parent=214017"}],"wp:term":[{"taxonomy":"category","embeddable":true,"href":"https:\/\/victoria-ig.de\/index.php?rest_route=%2Fwp%2Fv2%2Fcategories&post=214017"},{"taxonomy":"post_tag","embeddable":true,"href":"https:\/\/victoria-ig.de\/index.php?rest_route=%2Fwp%2Fv2%2Ftags&post=214017"}],"curies":[{"name":"wp","href":"https:\/\/api.w.org\/{rel}","templated":true}]}}