{"id":160281,"date":"2024-02-12T14:23:35","date_gmt":"2024-02-12T14:23:35","guid":{"rendered":"https:\/\/victoria-ig.de\/?p=160281"},"modified":"2024-02-20T13:37:52","modified_gmt":"2024-02-20T13:37:52","slug":"ich-und-mein-victoria-mitglieder-erzaehlen","status":"publish","type":"post","link":"https:\/\/victoria-ig.de\/?p=160281","title":{"rendered":"Ich und meine Victoria &#8211; Mitglieder erz\u00e4hlen"},"content":{"rendered":"<p>Von Heinrich Pieken<\/p>\n<p>Wann genau die Vicky II auf den Markt kam ist noch nicht gekl\u00e4rt. Im <a href=\"https:\/\/victoria-ig.de\/?page_id=787\">Victoria-Buch<\/a> auf Seite 294 ist ein Prospekt der Fernfahrt\u00a0 Amsterdam-N\u00fcrnberg in nur 2&#215;24 Stunden, die am 27. September 1952 stattfand, abgebildet. Bei genauem Betrachten sieht man, diese Fahrt wurde mit Vicky II Maschinen unternommen. Ob es sich um Prototypen handelte oder etwa das Ausland vor dem einheimischen Markt beliefert wurde, kann vorerst nur gemutma\u00dft werden. Mit dem Start der Moped\u00e4ra 1953 war die Vicky II jedenfalls da.<\/p>\n<div class='polaroid-gallery galleryid-160281' style='width:510px;'>\n\t\t\t<a href=\"https:\/\/victoria-ig.de\/wp-content\/uploads\/2024\/02\/MeinVicky_1-1024x768.jpg\" title=\"OLYMPUS DIGITAL CAMERA\" rel=\"polaroid_1249415686\" class=\"polaroid-gallery-item showcaption\"><span class=\"polaroid-gallery-image\" title=\"Vicky links\" style=\"background-image: url(https:\/\/victoria-ig.de\/wp-content\/uploads\/2024\/02\/MeinVicky_1-150x150.jpg); width: 150px; height: 150px;\"><\/span><\/a>\n\t\t\t<a href=\"https:\/\/victoria-ig.de\/wp-content\/uploads\/2024\/02\/MeinVicky_2-1024x768.jpg\" title=\"OLYMPUS DIGITAL CAMERA\" rel=\"polaroid_1249415686\" class=\"polaroid-gallery-item showcaption\"><span class=\"polaroid-gallery-image\" title=\"Vicky rechts\" style=\"background-image: url(https:\/\/victoria-ig.de\/wp-content\/uploads\/2024\/02\/MeinVicky_2-150x150.jpg); width: 150px; height: 150px;\"><\/span><\/a>\n\t\t\t<a href=\"https:\/\/victoria-ig.de\/wp-content\/uploads\/2024\/02\/MeinVicky_3-1024x768.jpg\" title=\"OLYMPUS DIGITAL CAMERA\" rel=\"polaroid_1249415686\" class=\"polaroid-gallery-item showcaption\"><span class=\"polaroid-gallery-image\" title=\"Vicky Vorderseite\" style=\"background-image: url(https:\/\/victoria-ig.de\/wp-content\/uploads\/2024\/02\/MeinVicky_3-150x150.jpg); width: 150px; height: 150px;\"><\/span><\/a>\n\t\t\t<br style=\"clear: both;\" \/>\n\t\t\t<a href=\"https:\/\/victoria-ig.de\/wp-content\/uploads\/2024\/02\/MeinVicky_4-1024x768.jpg\" title=\"OLYMPUS DIGITAL CAMERA\" rel=\"polaroid_1249415686\" class=\"polaroid-gallery-item showcaption\"><span class=\"polaroid-gallery-image\" title=\"Vicky R\u00fcckseite\" style=\"background-image: url(https:\/\/victoria-ig.de\/wp-content\/uploads\/2024\/02\/MeinVicky_4-150x150.jpg); width: 150px; height: 150px;\"><\/span><\/a>\n\t\t\t<a href=\"https:\/\/victoria-ig.de\/wp-content\/uploads\/2024\/02\/Motor1-1024x576.jpg\" title=\"Motor1\" rel=\"polaroid_1249415686\" class=\"polaroid-gallery-item showcaption\"><span class=\"polaroid-gallery-image\" title=\"Motor mit Abdeckung\" style=\"background-image: url(https:\/\/victoria-ig.de\/wp-content\/uploads\/2024\/02\/Motor1-150x150.jpg); width: 150px; height: 150px;\"><\/span><\/a>\n\t\t\t<a href=\"https:\/\/victoria-ig.de\/wp-content\/uploads\/2024\/02\/Mototr2-1024x576.jpg\" title=\"Mototr2\" rel=\"polaroid_1249415686\" class=\"polaroid-gallery-item showcaption\"><span class=\"polaroid-gallery-image\" title=\"Motor Antriebsseite\" style=\"background-image: url(https:\/\/victoria-ig.de\/wp-content\/uploads\/2024\/02\/Mototr2-150x150.jpg); width: 150px; height: 150px;\"><\/span><\/a>\n\t\t\t<br style=\"clear: both;\" \/><\/div>\n\n<p>Es ist das erste \u201eechte\u201c Moped mit einem eigens konstruierten Rahmen, im Gegensatz zu den Motorfahrr\u00e4dern die ab 1953 auch Moped genannt wurden, und zugleich das letzte Fahrzeug in dem der vielfach bew\u00e4hrte Fahrradmotor FM 38 als Antriebsquelle Verwendung fand.<a href=\"https:\/\/victoria-ig.de\/wp-content\/uploads\/2024\/02\/Victoria-Prospekt.jpg\" target=\"_blank\" rel=\"noopener\"><img loading=\"lazy\" decoding=\"async\" class=\"aligncenter wp-image-161021 size-medium\" src=\"https:\/\/victoria-ig.de\/wp-content\/uploads\/2024\/02\/Victoria-Prospekt-300x213.jpg\" alt=\"\" width=\"300\" height=\"213\" srcset=\"https:\/\/victoria-ig.de\/wp-content\/uploads\/2024\/02\/Victoria-Prospekt-300x213.jpg 300w, https:\/\/victoria-ig.de\/wp-content\/uploads\/2024\/02\/Victoria-Prospekt-424x300.jpg 424w, https:\/\/victoria-ig.de\/wp-content\/uploads\/2024\/02\/Victoria-Prospekt-310x220.jpg 310w, https:\/\/victoria-ig.de\/wp-content\/uploads\/2024\/02\/Victoria-Prospekt-148x105.jpg 148w, https:\/\/victoria-ig.de\/wp-content\/uploads\/2024\/02\/Victoria-Prospekt.jpg 768w\" sizes=\"auto, (max-width: 300px) 100vw, 300px\" \/><\/a><\/p>\n<p>Hieraus ergiebt sich, entgegen der \u00fcblichen Anordnung, da\u00df der Motorantrieb auf der rechten, der Tretantrieb auf der linken Seite angeordnet ist.<\/p>\n<figure id=\"attachment_161017\" aria-describedby=\"caption-attachment-161017\" style=\"width: 300px\" class=\"wp-caption aligncenter\"><a href=\"https:\/\/victoria-ig.de\/wp-content\/uploads\/2024\/02\/MeinVicky_5-scaled.jpg\" target=\"_blank\" rel=\"noopener\"><img loading=\"lazy\" decoding=\"async\" class=\"wp-image-161017 size-medium\" src=\"https:\/\/victoria-ig.de\/wp-content\/uploads\/2024\/02\/MeinVicky_5-300x225.jpg\" alt=\"\" width=\"300\" height=\"225\" srcset=\"https:\/\/victoria-ig.de\/wp-content\/uploads\/2024\/02\/MeinVicky_5-300x225.jpg 300w, https:\/\/victoria-ig.de\/wp-content\/uploads\/2024\/02\/MeinVicky_5-1024x768.jpg 1024w, https:\/\/victoria-ig.de\/wp-content\/uploads\/2024\/02\/MeinVicky_5-768x576.jpg 768w, https:\/\/victoria-ig.de\/wp-content\/uploads\/2024\/02\/MeinVicky_5-1536x1152.jpg 1536w, https:\/\/victoria-ig.de\/wp-content\/uploads\/2024\/02\/MeinVicky_5-2048x1536.jpg 2048w, https:\/\/victoria-ig.de\/wp-content\/uploads\/2024\/02\/MeinVicky_5-400x300.jpg 400w, https:\/\/victoria-ig.de\/wp-content\/uploads\/2024\/02\/MeinVicky_5-310x233.jpg 310w, https:\/\/victoria-ig.de\/wp-content\/uploads\/2024\/02\/MeinVicky_5-140x105.jpg 140w\" sizes=\"auto, (max-width: 300px) 100vw, 300px\" \/><\/a><figcaption id=\"caption-attachment-161017\" class=\"wp-caption-text\">OLYMPUS DIGITAL CAMERA<\/figcaption><\/figure>\n<p>Entsprechend ist die Torpedor\u00fccktrittnabe ausgebildet, erkenntlich durch ein, zus\u00e4tzlich zur Jahreszahl und dem M f\u00fcr Moped, \u00fcber dem \u00d6ler eingepr\u00e4gtes L.<\/p>\n<figure id=\"attachment_161018\" aria-describedby=\"caption-attachment-161018\" style=\"width: 300px\" class=\"wp-caption aligncenter\"><a href=\"https:\/\/victoria-ig.de\/wp-content\/uploads\/2024\/02\/MeinVicky_6-scaled.jpg\" target=\"_blank\" rel=\"noopener\"><img loading=\"lazy\" decoding=\"async\" class=\"wp-image-161018 size-medium\" src=\"https:\/\/victoria-ig.de\/wp-content\/uploads\/2024\/02\/MeinVicky_6-300x225.jpg\" alt=\"\" width=\"300\" height=\"225\" srcset=\"https:\/\/victoria-ig.de\/wp-content\/uploads\/2024\/02\/MeinVicky_6-300x225.jpg 300w, https:\/\/victoria-ig.de\/wp-content\/uploads\/2024\/02\/MeinVicky_6-1024x768.jpg 1024w, https:\/\/victoria-ig.de\/wp-content\/uploads\/2024\/02\/MeinVicky_6-768x576.jpg 768w, https:\/\/victoria-ig.de\/wp-content\/uploads\/2024\/02\/MeinVicky_6-1536x1152.jpg 1536w, https:\/\/victoria-ig.de\/wp-content\/uploads\/2024\/02\/MeinVicky_6-2048x1536.jpg 2048w, https:\/\/victoria-ig.de\/wp-content\/uploads\/2024\/02\/MeinVicky_6-400x300.jpg 400w, https:\/\/victoria-ig.de\/wp-content\/uploads\/2024\/02\/MeinVicky_6-310x233.jpg 310w, https:\/\/victoria-ig.de\/wp-content\/uploads\/2024\/02\/MeinVicky_6-140x105.jpg 140w\" sizes=\"auto, (max-width: 300px) 100vw, 300px\" \/><\/a><figcaption id=\"caption-attachment-161018\" class=\"wp-caption-text\">OLYMPUS DIGITAL CAMERA<\/figcaption><\/figure>\n<p>In seiner gut 2 Jahre w\u00e4hrenden Bauzeit, ab M\u00e4rz 1954 schon trat die Vicky III ihren Siegeszug an, wurde die Maschine stetig weiterentwickelt. Die augenf\u00e4lligsten Ver\u00e4nderungen betreffen den Tank und die Gabel. Die erste Serie hatte einen niedlichen kleinen Tank der zugunsten der Reichweite einem Gr\u00f6\u00dferen weichen mu\u00dfte. Die von den Fahrr\u00e4dern \u00fcbernommene Pendelgabel mit den kleinen Wendelfedern wurde, nach einigen nicht zu erkl\u00e4renden Br\u00fcchen des Lenkerrohres, ersetzt durch eine nach dem \u201eSystem Lutz\u201c arbeitende Gabel. Die Federung wird hierbei von im Gabelkasten befindlichen Drehst\u00e4ben \u00fcbernommen.<\/p>\n<p>&nbsp;<\/p>\n<p>Wer mehr wissen m\u00f6chte, dem sei das Victoria-Buch, die den FM 38 betreffenden Technischen Mitteilungen und der Testbericht aus der Auto und Motorrad-Welt empfohlen.<a href=\"https:\/\/victoria-ig.de\/wp-content\/uploads\/2024\/02\/AutoundMotorradwelt1-scaled.jpg\" target=\"_blank\" rel=\"noopener\"><img loading=\"lazy\" decoding=\"async\" class=\"aligncenter wp-image-161022 size-medium\" src=\"https:\/\/victoria-ig.de\/wp-content\/uploads\/2024\/02\/AutoundMotorradwelt1-212x300.jpg\" alt=\"\" width=\"212\" height=\"300\" srcset=\"https:\/\/victoria-ig.de\/wp-content\/uploads\/2024\/02\/AutoundMotorradwelt1-212x300.jpg 212w, https:\/\/victoria-ig.de\/wp-content\/uploads\/2024\/02\/AutoundMotorradwelt1-724x1024.jpg 724w, https:\/\/victoria-ig.de\/wp-content\/uploads\/2024\/02\/AutoundMotorradwelt1-768x1086.jpg 768w, https:\/\/victoria-ig.de\/wp-content\/uploads\/2024\/02\/AutoundMotorradwelt1-1086x1536.jpg 1086w, https:\/\/victoria-ig.de\/wp-content\/uploads\/2024\/02\/AutoundMotorradwelt1-1448x2048.jpg 1448w, https:\/\/victoria-ig.de\/wp-content\/uploads\/2024\/02\/AutoundMotorradwelt1-219x310.jpg 219w, https:\/\/victoria-ig.de\/wp-content\/uploads\/2024\/02\/AutoundMotorradwelt1-74x105.jpg 74w, https:\/\/victoria-ig.de\/wp-content\/uploads\/2024\/02\/AutoundMotorradwelt1-scaled.jpg 1810w\" sizes=\"auto, (max-width: 212px) 100vw, 212px\" \/><\/a><a href=\"https:\/\/victoria-ig.de\/wp-content\/uploads\/2024\/02\/AutoundMotorradwelt2-scaled.jpg\" target=\"_blank\" rel=\"noopener\"><img loading=\"lazy\" decoding=\"async\" class=\"aligncenter wp-image-161008 size-medium\" src=\"https:\/\/victoria-ig.de\/wp-content\/uploads\/2024\/02\/AutoundMotorradwelt2-211x300.jpg\" alt=\"\" width=\"211\" height=\"300\" srcset=\"https:\/\/victoria-ig.de\/wp-content\/uploads\/2024\/02\/AutoundMotorradwelt2-211x300.jpg 211w, https:\/\/victoria-ig.de\/wp-content\/uploads\/2024\/02\/AutoundMotorradwelt2-720x1024.jpg 720w, https:\/\/victoria-ig.de\/wp-content\/uploads\/2024\/02\/AutoundMotorradwelt2-768x1093.jpg 768w, https:\/\/victoria-ig.de\/wp-content\/uploads\/2024\/02\/AutoundMotorradwelt2-1079x1536.jpg 1079w, https:\/\/victoria-ig.de\/wp-content\/uploads\/2024\/02\/AutoundMotorradwelt2-1439x2048.jpg 1439w, https:\/\/victoria-ig.de\/wp-content\/uploads\/2024\/02\/AutoundMotorradwelt2-218x310.jpg 218w, https:\/\/victoria-ig.de\/wp-content\/uploads\/2024\/02\/AutoundMotorradwelt2-74x105.jpg 74w, https:\/\/victoria-ig.de\/wp-content\/uploads\/2024\/02\/AutoundMotorradwelt2-scaled.jpg 1799w\" sizes=\"auto, (max-width: 211px) 100vw, 211px\" \/><\/a><a href=\"https:\/\/victoria-ig.de\/wp-content\/uploads\/2024\/02\/AutoundMotorradwelt3-scaled.jpg\" target=\"_blank\" rel=\"noopener\"><img loading=\"lazy\" decoding=\"async\" class=\"aligncenter wp-image-161009 size-medium\" src=\"https:\/\/victoria-ig.de\/wp-content\/uploads\/2024\/02\/AutoundMotorradwelt3-213x300.jpg\" alt=\"\" width=\"213\" height=\"300\" srcset=\"https:\/\/victoria-ig.de\/wp-content\/uploads\/2024\/02\/AutoundMotorradwelt3-213x300.jpg 213w, https:\/\/victoria-ig.de\/wp-content\/uploads\/2024\/02\/AutoundMotorradwelt3-726x1024.jpg 726w, https:\/\/victoria-ig.de\/wp-content\/uploads\/2024\/02\/AutoundMotorradwelt3-768x1084.jpg 768w, https:\/\/victoria-ig.de\/wp-content\/uploads\/2024\/02\/AutoundMotorradwelt3-1089x1536.jpg 1089w, https:\/\/victoria-ig.de\/wp-content\/uploads\/2024\/02\/AutoundMotorradwelt3-1451x2048.jpg 1451w, https:\/\/victoria-ig.de\/wp-content\/uploads\/2024\/02\/AutoundMotorradwelt3-220x310.jpg 220w, https:\/\/victoria-ig.de\/wp-content\/uploads\/2024\/02\/AutoundMotorradwelt3-74x105.jpg 74w, https:\/\/victoria-ig.de\/wp-content\/uploads\/2024\/02\/AutoundMotorradwelt3-scaled.jpg 1814w\" sizes=\"auto, (max-width: 213px) 100vw, 213px\" \/><\/a><a href=\"https:\/\/victoria-ig.de\/wp-content\/uploads\/2024\/02\/AutoundMotorradwelt4-scaled.jpg\" target=\"_blank\" rel=\"noopener\"><img loading=\"lazy\" decoding=\"async\" class=\"aligncenter wp-image-161010 size-medium\" src=\"https:\/\/victoria-ig.de\/wp-content\/uploads\/2024\/02\/AutoundMotorradwelt4-212x300.jpg\" alt=\"\" width=\"212\" height=\"300\" srcset=\"https:\/\/victoria-ig.de\/wp-content\/uploads\/2024\/02\/AutoundMotorradwelt4-212x300.jpg 212w, https:\/\/victoria-ig.de\/wp-content\/uploads\/2024\/02\/AutoundMotorradwelt4-722x1024.jpg 722w, https:\/\/victoria-ig.de\/wp-content\/uploads\/2024\/02\/AutoundMotorradwelt4-768x1089.jpg 768w, https:\/\/victoria-ig.de\/wp-content\/uploads\/2024\/02\/AutoundMotorradwelt4-1083x1536.jpg 1083w, https:\/\/victoria-ig.de\/wp-content\/uploads\/2024\/02\/AutoundMotorradwelt4-1444x2048.jpg 1444w, https:\/\/victoria-ig.de\/wp-content\/uploads\/2024\/02\/AutoundMotorradwelt4-219x310.jpg 219w, https:\/\/victoria-ig.de\/wp-content\/uploads\/2024\/02\/AutoundMotorradwelt4-74x105.jpg 74w, https:\/\/victoria-ig.de\/wp-content\/uploads\/2024\/02\/AutoundMotorradwelt4-scaled.jpg 1806w\" sizes=\"auto, (max-width: 212px) 100vw, 212px\" \/><\/a><a href=\"https:\/\/victoria-ig.de\/wp-content\/uploads\/2024\/02\/AutoundMotorradwelt5-scaled.jpg\" target=\"_blank\" rel=\"noopener\"><img loading=\"lazy\" decoding=\"async\" class=\"aligncenter wp-image-161011 size-medium\" src=\"https:\/\/victoria-ig.de\/wp-content\/uploads\/2024\/02\/AutoundMotorradwelt5-212x300.jpg\" alt=\"\" width=\"212\" height=\"300\" srcset=\"https:\/\/victoria-ig.de\/wp-content\/uploads\/2024\/02\/AutoundMotorradwelt5-212x300.jpg 212w, https:\/\/victoria-ig.de\/wp-content\/uploads\/2024\/02\/AutoundMotorradwelt5-725x1024.jpg 725w, https:\/\/victoria-ig.de\/wp-content\/uploads\/2024\/02\/AutoundMotorradwelt5-768x1085.jpg 768w, https:\/\/victoria-ig.de\/wp-content\/uploads\/2024\/02\/AutoundMotorradwelt5-1088x1536.jpg 1088w, https:\/\/victoria-ig.de\/wp-content\/uploads\/2024\/02\/AutoundMotorradwelt5-1450x2048.jpg 1450w, https:\/\/victoria-ig.de\/wp-content\/uploads\/2024\/02\/AutoundMotorradwelt5-219x310.jpg 219w, https:\/\/victoria-ig.de\/wp-content\/uploads\/2024\/02\/AutoundMotorradwelt5-74x105.jpg 74w, https:\/\/victoria-ig.de\/wp-content\/uploads\/2024\/02\/AutoundMotorradwelt5-scaled.jpg 1813w\" sizes=\"auto, (max-width: 212px) 100vw, 212px\" \/><\/a>Euer Heinrich<\/p>\n","protected":false},"excerpt":{"rendered":"<p>Von Heinrich Pieken Wann genau die Vicky II auf den Markt kam ist noch nicht gekl\u00e4rt. Im Victoria-Buch auf Seite 294 ist ein Prospekt der Fernfahrt\u00a0 Amsterdam-N\u00fcrnberg in nur 2&#215;24 Stunden, die am 27. September 1952 stattfand, abgebildet. Bei genauem Betrachten sieht man, diese Fahrt wurde mit Vicky II Maschinen unternommen. Ob es sich um &hellip; <a href=\"https:\/\/victoria-ig.de\/?p=160281\" class=\"more-link\"><span class=\"screen-reader-text\">Ich und meine Victoria &#8211; Mitglieder erz\u00e4hlen<\/span> weiterlesen<\/a><\/p>\n","protected":false},"author":1,"featured_media":0,"comment_status":"open","ping_status":"open","sticky":false,"template":"","format":"standard","meta":{"footnotes":""},"categories":[1],"tags":[],"class_list":["post-160281","post","type-post","status-publish","format-standard","hentry","category-uncategorized"],"_links":{"self":[{"href":"https:\/\/victoria-ig.de\/index.php?rest_route=\/wp\/v2\/posts\/160281","targetHints":{"allow":["GET"]}}],"collection":[{"href":"https:\/\/victoria-ig.de\/index.php?rest_route=\/wp\/v2\/posts"}],"about":[{"href":"https:\/\/victoria-ig.de\/index.php?rest_route=\/wp\/v2\/types\/post"}],"author":[{"embeddable":true,"href":"https:\/\/victoria-ig.de\/index.php?rest_route=\/wp\/v2\/users\/1"}],"replies":[{"embeddable":true,"href":"https:\/\/victoria-ig.de\/index.php?rest_route=%2Fwp%2Fv2%2Fcomments&post=160281"}],"version-history":[{"count":5,"href":"https:\/\/victoria-ig.de\/index.php?rest_route=\/wp\/v2\/posts\/160281\/revisions"}],"predecessor-version":[{"id":162733,"href":"https:\/\/victoria-ig.de\/index.php?rest_route=\/wp\/v2\/posts\/160281\/revisions\/162733"}],"wp:attachment":[{"href":"https:\/\/victoria-ig.de\/index.php?rest_route=%2Fwp%2Fv2%2Fmedia&parent=160281"}],"wp:term":[{"taxonomy":"category","embeddable":true,"href":"https:\/\/victoria-ig.de\/index.php?rest_route=%2Fwp%2Fv2%2Fcategories&post=160281"},{"taxonomy":"post_tag","embeddable":true,"href":"https:\/\/victoria-ig.de\/index.php?rest_route=%2Fwp%2Fv2%2Ftags&post=160281"}],"curies":[{"name":"wp","href":"https:\/\/api.w.org\/{rel}","templated":true}]}}