{"id":147,"date":"2014-05-01T05:44:35","date_gmt":"2014-05-01T05:44:35","guid":{"rendered":"http:\/\/ig-victoria.de\/?p=147"},"modified":"2017-08-10T05:45:18","modified_gmt":"2017-08-10T05:45:18","slug":"2-victoria-treffen-in-daenemark","status":"publish","type":"post","link":"https:\/\/victoria-ig.de\/?p=147","title":{"rendered":"2. Victoria-Treffen in D\u00e4nemark"},"content":{"rendered":"<div class=\"art-postcontent\">\n<div class=\"art-article\">\n<h3>Vormerken: 3. Mai 2014 in 6310 Broager (DK)<\/h3>\n<p>Speziell f\u00fcr die Nordlichter m\u00f6chte unser d\u00e4nischer Victoria IG-Kollege und Kontaktmann f\u00fcr D\u00e4nemark Peder Pedersen sein 2. Victoria Treffen ausrichten. Peder wird unterst\u00fctzt durch die Victoria-Freunde des Victoria-Klub- Danmark. Angedacht ist ein einfaches Treffen mit Ausfahrt in die Region. Fr\u00fchst\u00fcck, Lunchpaket und Abendessen werden angeboten. Wer m\u00f6chte, kann ab Freitag, 2. Mai, ca.13 Uhr eintreffen und am Treffenplatz campen. Hotel oder Zimmer sind im Raum Flensburg g\u00fcnstig buchbar.<\/p>\n<p>Eine Anmeldung zum Treffen ist wegen der Gemeinschaftsverpflegung erforderlich. Wer an der Gemeinschaftsverpflegung teilnehmen m\u00f6chte, sollte sich bis zum 25. April 2014 gemeldet haben. Jede Victoria ist willkommen, auch mit anderen Marken d\u00fcrft ihr nat\u00fcrlich gerne erscheinen. Gloria Victoria aus dem Norden!<\/p>\n<p><strong>Treffenplatz: Smedevej 1, 6310 Broager DK<\/strong><\/p>\n<\/div>\n<\/div>\n","protected":false},"excerpt":{"rendered":"<p>Vormerken: 3. Mai 2014 in 6310 Broager (DK) Speziell f\u00fcr die Nordlichter m\u00f6chte unser d\u00e4nischer Victoria IG-Kollege und Kontaktmann f\u00fcr D\u00e4nemark Peder Pedersen sein 2. Victoria Treffen ausrichten. Peder wird unterst\u00fctzt durch die Victoria-Freunde des Victoria-Klub- Danmark. Angedacht ist ein einfaches Treffen mit Ausfahrt in die Region. Fr\u00fchst\u00fcck, Lunchpaket und Abendessen werden angeboten. Wer m\u00f6chte, &hellip; <a href=\"https:\/\/victoria-ig.de\/?p=147\" class=\"more-link\"><span class=\"screen-reader-text\">2. Victoria-Treffen in D\u00e4nemark<\/span> weiterlesen<\/a><\/p>\n","protected":false},"author":1,"featured_media":0,"comment_status":"open","ping_status":"open","sticky":false,"template":"","format":"standard","meta":{"footnotes":""},"categories":[1],"tags":[],"class_list":["post-147","post","type-post","status-publish","format-standard","hentry","category-uncategorized"],"_links":{"self":[{"href":"https:\/\/victoria-ig.de\/index.php?rest_route=\/wp\/v2\/posts\/147","targetHints":{"allow":["GET"]}}],"collection":[{"href":"https:\/\/victoria-ig.de\/index.php?rest_route=\/wp\/v2\/posts"}],"about":[{"href":"https:\/\/victoria-ig.de\/index.php?rest_route=\/wp\/v2\/types\/post"}],"author":[{"embeddable":true,"href":"https:\/\/victoria-ig.de\/index.php?rest_route=\/wp\/v2\/users\/1"}],"replies":[{"embeddable":true,"href":"https:\/\/victoria-ig.de\/index.php?rest_route=%2Fwp%2Fv2%2Fcomments&post=147"}],"version-history":[{"count":0,"href":"https:\/\/victoria-ig.de\/index.php?rest_route=\/wp\/v2\/posts\/147\/revisions"}],"wp:attachment":[{"href":"https:\/\/victoria-ig.de\/index.php?rest_route=%2Fwp%2Fv2%2Fmedia&parent=147"}],"wp:term":[{"taxonomy":"category","embeddable":true,"href":"https:\/\/victoria-ig.de\/index.php?rest_route=%2Fwp%2Fv2%2Fcategories&post=147"},{"taxonomy":"post_tag","embeddable":true,"href":"https:\/\/victoria-ig.de\/index.php?rest_route=%2Fwp%2Fv2%2Ftags&post=147"}],"curies":[{"name":"wp","href":"https:\/\/api.w.org\/{rel}","templated":true}]}}