{"id":118636,"date":"2023-06-28T05:48:11","date_gmt":"2023-06-28T05:48:11","guid":{"rendered":"https:\/\/victoria-ig.de\/?p=118636"},"modified":"2023-06-21T11:57:02","modified_gmt":"2023-06-21T11:57:02","slug":"victoria-treffen-2023-die-ausfahrt-samstag-5-aug-10-uhr","status":"publish","type":"post","link":"https:\/\/victoria-ig.de\/?p=118636","title":{"rendered":"Victoria Treffen 2023 &#8211; Die Ausfahrt Samstag 5.Aug. 10 Uhr"},"content":{"rendered":"<p>Nicht Vergessen: Zur Pause bei der Ausfahrt k\u00f6nnt Ihr Bagger und Radlader fahren.<\/p>\n<p>Auch dieses Jahr w\u00fcrden wir mit Euch eine kleine Ausfahrt unternehmen.<br \/>\nNeben der sch\u00f6nen Landschaft durchs Berchtesgadener Land wird der H\u00f6hepunkt der Stopp im Kies- und Asphaltwerk Antretter sein.<br \/>\nDort k\u00f6nnen wir uns mit Jause und Getr\u00e4nken st\u00e4rken.<br \/>\nF\u00fcr die Kinder unter uns, steht 30 Tonnen Radlader und Bagger zum Spielen bereit (Unter Beaufsichtigung von Baumaschinenf\u00fchrern)<\/p>\n<p><a href=\"https:\/\/victoria-ig.de\/wp-content\/uploads\/2023\/06\/Spielsachen-scaled.jpg\" target=\"_blank\" rel=\"noopener\"><img loading=\"lazy\" decoding=\"async\" class=\"aligncenter wp-image-118624 size-medium\" src=\"https:\/\/victoria-ig.de\/wp-content\/uploads\/2023\/06\/Spielsachen-300x169.jpg\" alt=\"\" width=\"300\" height=\"169\" srcset=\"https:\/\/victoria-ig.de\/wp-content\/uploads\/2023\/06\/Spielsachen-300x169.jpg 300w, https:\/\/victoria-ig.de\/wp-content\/uploads\/2023\/06\/Spielsachen-1024x576.jpg 1024w, https:\/\/victoria-ig.de\/wp-content\/uploads\/2023\/06\/Spielsachen-768x432.jpg 768w, https:\/\/victoria-ig.de\/wp-content\/uploads\/2023\/06\/Spielsachen-1536x864.jpg 1536w, https:\/\/victoria-ig.de\/wp-content\/uploads\/2023\/06\/Spielsachen-2048x1152.jpg 2048w, https:\/\/victoria-ig.de\/wp-content\/uploads\/2023\/06\/Spielsachen-533x300.jpg 533w, https:\/\/victoria-ig.de\/wp-content\/uploads\/2023\/06\/Spielsachen-310x174.jpg 310w, https:\/\/victoria-ig.de\/wp-content\/uploads\/2023\/06\/Spielsachen-150x84.jpg 150w\" sizes=\"auto, (max-width: 300px) 100vw, 300px\" \/><\/a>R\u00fcckfahrt ca. 14 Uhr nach Gro\u00dfgmain<\/p>\n<p>Wir w\u00fcnschen allen viel Spa\u00df und gute Fahrt<\/p>\n<p>Unsere Strecke:<\/p>\n<p><span style=\"font-size: 14pt;\"><strong>Die Hinfahrt<\/strong><\/span><\/p>\n<p>Startpunkt: <strong>Gasthof Steinerwirt &#8211; <\/strong><strong>Salzburgerstra\u00dfe 25\u00a0 <\/strong><strong>A \u2013 5084 Gro\u00dfgmain<\/strong><\/p>\n<p>Gro\u00dfgmain &#8211; Bayerisch Gmain &#8211; Piding &#8211; Anger &#8211; Teisendorf &#8211; Holzhausen &#8211; Sch\u00f6nram &#8211; Anger &#8211; Bad Reichenhall &#8211; Saalachsee<\/p>\n<p>Ziel: Kies- und Asphaltwerk Antretter<\/p>\n<p><iframe loading=\"lazy\" style=\"border: 0;\" src=\"https:\/\/www.google.com\/maps\/embed?pb=!1m76!1m12!1m3!1d171510.87159493632!2d12.700130163195842!3d47.80360055994567!2m3!1f0!2f0!3f0!3m2!1i1024!2i768!4f13.1!4m61!3e0!4m5!1s0x47768dd0802f3489%3A0xba8953eb3d1ec77c!2sSalzburgerstra%C3%9Fe%2025%2C%205084%20Gro%C3%9Fgmain%2C%20%C3%96sterreich!3m2!1d47.7395176!2d12.9260469!4m5!1s0x47768de81951c9c7%3A0x903439a08cc7d9c9!2zR3Jvw59nbWFpbiwgw5ZzdGVycmVpY2g!3m2!1d47.7254253!2d12.9107794!4m5!1s0x47768c527de77c05%3A0x5b82704f87fcc187!2sBayerisch%20Gmain!3m2!1d47.720387699999996!2d12.8972021!4m5!1s0x47768ec8e6afd80b%3A0x41d25a40937b7c0!2sPiding!3m2!1d47.7695089!2d12.9126072!4m5!1s0x47768901a67adc3b%3A0x41d25a40937b740!2sAnger!3m2!1d47.8001538!2d12.8659556!4m5!1s0x47767d63f7d7af45%3A0x5fe024f5dad16fbc!2sHolzhausen%2C%20Teisendorf!3m2!1d47.8676998!2d12.806121599999999!4m5!1s0x4776870da142ccb1%3A0xa1d25a6760e87b0!2sSch%C3%B6nram%2C%20Petting!3m2!1d47.885312899999995!2d12.850163199999999!4m5!1s0x47768901a67adc3b%3A0x41d25a40937b740!2sAnger!3m2!1d47.8001538!2d12.8659556!4m5!1s0x47768c67c680b033%3A0xf7b1ea3f536c4bf3!2sBad%20Reichenhall!3m2!1d47.730336099999995!2d12.881587999999999!4m5!1s0x47768c8509e3cd59%3A0xe766c284992409da!2sSaalachsee%2C%20Schneizlreuth!3m2!1d47.708649699999995!2d12.8572723!5e0!3m2!1sde!2sde!4v1687339431877!5m2!1sde!2sde\" width=\"600\" height=\"450\" allowfullscreen=\"allowfullscreen\"><\/iframe><br \/>\nhttps:\/\/goo.gl\/maps\/xwp6AEH5pogyeL8X8<\/p>\n<p><strong>Die R\u00fcckfahrt<\/strong><\/p>\n<p>Startpunkt: <strong>Kies- und Asphaltwerk Antretter<\/strong><\/p>\n<p>Saalachsee &#8211; Bad Reichenhall &#8211; Bayerisch Gmain &#8211; Gro\u00dfgmain<\/p>\n<p>Ziel: <strong>Gasthof Steinerwirt &#8211; <\/strong><strong>Salzburgerstra\u00dfe 25\u00a0 <\/strong><strong>A \u2013 5084 Gro\u00dfgmain<\/strong><\/p>\n<p><iframe loading=\"lazy\" style=\"border: 0;\" src=\"https:\/\/www.google.com\/maps\/embed?pb=!1m28!1m12!1m3!1d21473.40890681164!2d12.866808067497923!3d47.7198309068114!2m3!1f0!2f0!3f0!3m2!1i1024!2i768!4f13.1!4m13!3e0!4m5!1s0x47768c9b6f6e1ad9%3A0xfa1fadaf851e504b!2sAntretter%20GmbH%20%26%20Co.KG%2C%20Saalachsee%201%2C%2083458%20Schneizlreuth!3m2!1d47.7010459!2d12.8487682!4m5!1s0x47768dd0802f3489%3A0xba8953eb3d1ec77c!2sSalzburgerstra%C3%9Fe%2025!3m2!1d47.7395176!2d12.9260469!5e0!3m2!1sde!2sde!4v1687340791456!5m2!1sde!2sde\" width=\"600\" height=\"450\" allowfullscreen=\"allowfullscreen\"><\/iframe><\/p>\n<p>https:\/\/goo.gl\/maps\/4DXPfBjpbLQiawg77<\/p>\n<p>Gloria Victoria<\/p>\n<p>&nbsp;<\/p>\n\n<div class=\"wpcf7 no-js\" id=\"wpcf7-f118411-o1\" lang=\"de-DE\" dir=\"ltr\" data-wpcf7-id=\"118411\">\n<div class=\"screen-reader-response\"><p role=\"status\" aria-live=\"polite\" aria-atomic=\"true\"><\/p> <ul><\/ul><\/div>\n<form action=\"\/index.php?rest_route=%2Fwp%2Fv2%2Fposts%2F118636#wpcf7-f118411-o1\" method=\"post\" class=\"wpcf7-form init\" aria-label=\"Kontaktformular\" novalidate=\"novalidate\" data-status=\"init\">\n<fieldset class=\"hidden-fields-container\"><input type=\"hidden\" name=\"_wpcf7\" value=\"118411\" \/><input type=\"hidden\" name=\"_wpcf7_version\" value=\"6.1.5\" \/><input type=\"hidden\" name=\"_wpcf7_locale\" value=\"de_DE\" \/><input type=\"hidden\" name=\"_wpcf7_unit_tag\" value=\"wpcf7-f118411-o1\" \/><input type=\"hidden\" name=\"_wpcf7_container_post\" value=\"0\" \/><input type=\"hidden\" name=\"_wpcf7_posted_data_hash\" value=\"\" \/><input type=\"hidden\" name=\"_wpcf7_recaptcha_response\" value=\"\" \/>\n<\/fieldset>\n<p><label> Dein Name (Pflichtfeld)<br \/>\n<span class=\"wpcf7-form-control-wrap\" data-name=\"your-name\"><input size=\"40\" maxlength=\"400\" class=\"wpcf7-form-control wpcf7-text wpcf7-validates-as-required\" aria-required=\"true\" aria-invalid=\"false\" value=\"\" type=\"text\" name=\"your-name\" \/><\/span> <\/label>\n<\/p>\n<p><label> Deine E-Mail-Adresse (Pflichtfeld)<br \/>\n<span class=\"wpcf7-form-control-wrap\" data-name=\"your-email\"><input size=\"40\" maxlength=\"400\" class=\"wpcf7-form-control wpcf7-email wpcf7-validates-as-required wpcf7-text wpcf7-validates-as-email\" aria-required=\"true\" aria-invalid=\"false\" value=\"\" type=\"email\" name=\"your-email\" \/><\/span> <\/label>\n<\/p>\n<p><label> Betreff Anmeldung Jahrestreffen 2023<br \/>\n<span class=\"wpcf7-form-control-wrap\" data-name=\"your-subject\"><input size=\"40\" maxlength=\"400\" class=\"wpcf7-form-control wpcf7-text\" aria-invalid=\"false\" value=\"\" type=\"text\" name=\"your-subject\" \/><\/span> <\/label>\n<\/p>\n<p><label> Deine Nachricht<br \/>\n<span class=\"wpcf7-form-control-wrap\" data-name=\"your-message\"><textarea cols=\"40\" rows=\"10\" maxlength=\"2000\" class=\"wpcf7-form-control wpcf7-textarea\" aria-invalid=\"false\" name=\"your-message\"><\/textarea><\/span> <\/label>\n<\/p>\n<p><span class=\"wpcf7-form-control-wrap wpgdprc\"><span class=\"wpcf7-form-control wpcf7-wpgdprc wpcf7-validates-as-required\"><span class=\"wpcf7-list-item\"><input type=\"checkbox\" name=\"wpgdprc\" value=\"1\" aria-required=\"true\" aria-invalid=\"false\" \/><span class=\"wpcf7-list-item-label\">Mit der Nutzung dieses Formulars erkl\u00e4rst du dich mit der Speicherung und Verarbeitung deiner Daten durch diese Website einverstanden.<\/span><\/span><\/span>    <\/span>\n<\/p>\n<p><input class=\"wpcf7-form-control wpcf7-submit has-spinner\" type=\"submit\" value=\"Senden\" \/>\n<\/p>\n\n<p><span class=\"wpcf7-form-control-wrap\" data-name=\"email-552\"><input size=\"40\" maxlength=\"400\" class=\"wpcf7-form-control wpcf7-email wpcf7-text wpcf7-validates-as-email\" aria-invalid=\"false\" value=\"\" type=\"email\" name=\"email-552\" \/><\/span>\n<\/p><div class=\"wpcf7-response-output\" aria-hidden=\"true\"><\/div>\n<\/form>\n<\/div>\n\n","protected":false},"excerpt":{"rendered":"<p>Nicht Vergessen: Zur Pause bei der Ausfahrt k\u00f6nnt Ihr Bagger und Radlader fahren. Auch dieses Jahr w\u00fcrden wir mit Euch eine kleine Ausfahrt unternehmen. Neben der sch\u00f6nen Landschaft durchs Berchtesgadener Land wird der H\u00f6hepunkt der Stopp im Kies- und Asphaltwerk Antretter sein. Dort k\u00f6nnen wir uns mit Jause und Getr\u00e4nken st\u00e4rken. F\u00fcr die Kinder unter &hellip; <a href=\"https:\/\/victoria-ig.de\/?p=118636\" class=\"more-link\"><span class=\"screen-reader-text\">Victoria Treffen 2023 &#8211; Die Ausfahrt Samstag 5.Aug. 10 Uhr<\/span> weiterlesen<\/a><\/p>\n","protected":false},"author":1,"featured_media":0,"comment_status":"open","ping_status":"open","sticky":false,"template":"","format":"standard","meta":{"footnotes":""},"categories":[1],"tags":[],"class_list":["post-118636","post","type-post","status-publish","format-standard","hentry","category-uncategorized"],"_links":{"self":[{"href":"https:\/\/victoria-ig.de\/index.php?rest_route=\/wp\/v2\/posts\/118636","targetHints":{"allow":["GET"]}}],"collection":[{"href":"https:\/\/victoria-ig.de\/index.php?rest_route=\/wp\/v2\/posts"}],"about":[{"href":"https:\/\/victoria-ig.de\/index.php?rest_route=\/wp\/v2\/types\/post"}],"author":[{"embeddable":true,"href":"https:\/\/victoria-ig.de\/index.php?rest_route=\/wp\/v2\/users\/1"}],"replies":[{"embeddable":true,"href":"https:\/\/victoria-ig.de\/index.php?rest_route=%2Fwp%2Fv2%2Fcomments&post=118636"}],"version-history":[{"count":5,"href":"https:\/\/victoria-ig.de\/index.php?rest_route=\/wp\/v2\/posts\/118636\/revisions"}],"predecessor-version":[{"id":118651,"href":"https:\/\/victoria-ig.de\/index.php?rest_route=\/wp\/v2\/posts\/118636\/revisions\/118651"}],"wp:attachment":[{"href":"https:\/\/victoria-ig.de\/index.php?rest_route=%2Fwp%2Fv2%2Fmedia&parent=118636"}],"wp:term":[{"taxonomy":"category","embeddable":true,"href":"https:\/\/victoria-ig.de\/index.php?rest_route=%2Fwp%2Fv2%2Fcategories&post=118636"},{"taxonomy":"post_tag","embeddable":true,"href":"https:\/\/victoria-ig.de\/index.php?rest_route=%2Fwp%2Fv2%2Ftags&post=118636"}],"curies":[{"name":"wp","href":"https:\/\/api.w.org\/{rel}","templated":true}]}}